{"id":77793,"date":"2025-02-23T11:30:00","date_gmt":"2025-02-23T17:30:00","guid":{"rendered":"https:\/\/zonaroja.com.mx\/?p=77793"},"modified":"2025-02-23T06:59:48","modified_gmt":"2025-02-23T12:59:48","slug":"mediante-consensos-cabildo-de-xoxocotlan-avala-diversas-iniciativas","status":"publish","type":"post","link":"https:\/\/zonaroja.com.mx\/?p=77793","title":{"rendered":"Mediante consensos, Cabildo de Xoxocotl\u00e1n avala diversas iniciativas"},"content":{"rendered":"\n<p>Redacci\u00f3n\/Zona Roja.<\/p>\n\n\n\n<p>Oaxaca de Ju\u00e1rez, Oax., a 23 de febrero de 2025.- Con el objetivo de fortalecer la estructura municipal y mejorar los servicios a la ciudadan\u00eda, el Cabildo de Santa Cruz Xoxocotl\u00e1n, presidido por la alcaldesa Nancy Ben\u00edtez Z\u00e1rate, aprob\u00f3 importantes acuerdos e iniciativas.<\/p>\n\n\n\n<p>Entre los acuerdos alcanzados, destaca la aprobaci\u00f3n del Reglamento de la Instancia Municipal de las Mujeres, el cual define la organizaci\u00f3n, funcionamiento y atribuciones de este organismo.&nbsp;<\/p>\n\n\n\n<p>Con esta normativa, se busca garantizar que sus acciones se basen en principios de igualdad, no discriminaci\u00f3n y paridad de g\u00e9nero, adem\u00e1s de fomentar la autogesti\u00f3n y la profesionalizaci\u00f3n de su personal.<\/p>\n\n\n\n<p>Asimismo, se aval\u00f3 el dictamen sobre el proceso de elecci\u00f3n de autoridades auxiliares, agentes municipales y de polic\u00eda, as\u00ed como de representantes de barrios, colonias y fraccionamientos.&nbsp;<\/p>\n\n\n\n<p>Este proceso se llev\u00f3 a cabo con apego a la legalidad y transparencia, permitiendo la renovaci\u00f3n y ratificaci\u00f3n de liderazgos comunitarios en distintas zonas del municipio.<\/p>\n\n\n\n<p>Otro de los puntos aprobados fue la creaci\u00f3n del Consejo Municipal de Mejora Regulatoria, un \u00f3rgano destinado a optimizar los tr\u00e1mites y servicios municipales. Su labor se enfocar\u00e1 en simplificar normas y procedimientos administrativos, aline\u00e1ndose con la Ley de Mejora Regulatoria del Estado de Oaxaca para hacer m\u00e1s eficientes y accesibles los procesos gubernamentales.<\/p>\n\n\n\n<p>La presidenta municipal, Nancy Ben\u00edtez Z\u00e1rate, reafirm\u00f3 el compromiso de su administraci\u00f3n con la gobernanza participativa y la mejora continua en la prestaci\u00f3n de servicios.<\/p>\n\n\n\n<p>Con estas acciones, el gobierno municipal consolida su compromiso con el bienestar de la poblaci\u00f3n xoxe\u00f1a, impulsando iniciativas que promuevan el desarrollo y la equidad en el municipio de Santa Cruz Xoxocotl\u00e1n.<\/p>\n\n\n\n<p>AMPLIA CONVOCATORIA<\/p>\n\n\n\n<p>Por otra parte, bajo el tema \u201cLos tradicionales Martes de brujas\u201d, se llev\u00f3 a cabo la selecci\u00f3n de la imagen oficial de la edici\u00f3n XLVIII de esta tradici\u00f3n \u00fanica en Santa Cruz Xoxocotl\u00e1n.&nbsp;<\/p>\n\n\n\n<p>En un hecho in\u00e9dito en las convocatorias realizadas por el municipio, este 2025 se ha convertido en el a\u00f1o en que m\u00e1s artistas locales acudieron al llamado para presentar sus obras en el certamen para ser la imagen oficial de los \u201cMartes de Brujas\u201d, celebraci\u00f3n que refleja la historia, cultura y hermandad.&nbsp;<\/p>\n\n\n\n<p>En la elecci\u00f3n de la obra que ser\u00e1 la imagen oficial del \u201cMartes de Brujas\u201d 2025, la presidenta municipal Nancy Ben\u00edtez Z\u00e1rate estuvo acompa\u00f1ada por&nbsp;&nbsp;integrantes de su Cabildo.&nbsp;<\/p>\n\n\n\n<p>\u201cMe llena de orgullo y es un honor contar con tan excelentes obras de arte en este concurso para elegir la imagen oficial de los Martes de brujas. Es un gusto que esta convocatoria se haya convertido en una oportunidad para impulsar a nuestros artistas xoxe\u00f1os\u201d, destac\u00f3.&nbsp;<\/p>\n\n\n\n<p>Con 45 obras inscritas por ni\u00f1as, ni\u00f1os, j\u00f3venes y personas adultas, se rompi\u00f3 r\u00e9cord con la convocatoria lanzada por el Municipio de Santa Cruz Xoxocotl\u00e1n a trav\u00e9s de su Direcci\u00f3n de Cultura, en la que se muestra la gran riqueza cultural de la comunidad.&nbsp;<\/p>\n\n\n\n<p>Cabe destacar que el jurado calificador estuvo integrado por el cronista de Santa Cruz Xoxocotl\u00e1n e integrante de la Comisi\u00f3n de Cultura Comunitaria, Arturo V\u00e1squez Espejel; Melissa S\u00e1nchez M\u00e9ndez, colaboradora del Departamento de Difusi\u00f3n Cultural de la Casa de la Cultura Oaxaque\u00f1a y el artista pl\u00e1stico, Alberto Revilla Pacheco.&nbsp;<\/p>\n\n\n\n<p>El veredicto con los tres primeros lugares se dar\u00e1 a conocer el lunes 24 de febrero en la conferencia de prensa de la presentaci\u00f3n oficial de la imagen, programaci\u00f3n de actividades y personalidades que se presentar\u00e1n en la edici\u00f3n 48 de esta gran celebraci\u00f3n.&nbsp;<\/p>\n","protected":false},"excerpt":{"rendered":"<p>Redacci\u00f3n\/Zona Roja. Oaxaca de Ju\u00e1rez, Oax., a 23 de febrero de 2025.- Con el objetivo&hellip;<\/p>\n","protected":false},"author":2,"featured_media":77794,"comment_status":"closed","ping_status":"open","sticky":false,"template":"","format":"standard","meta":{"_lmt_disableupdate":"","_lmt_disable":"","_jetpack_memberships_contains_paid_content":false,"footnotes":""},"categories":[1],"tags":[],"class_list":["post-77793","post","type-post","status-publish","format-standard","has-post-thumbnail","hentry","category-sin-categoria"],"jetpack_featured_media_url":"https:\/\/zonaroja.com.mx\/wp-content\/uploads\/2025\/02\/Xoxocotlan-aprueba-iniciativas-para-fortalecer-sus-instituciones-1.jpeg","jetpack_sharing_enabled":true,"_links":{"self":[{"href":"https:\/\/zonaroja.com.mx\/index.php?rest_route=\/wp\/v2\/posts\/77793","targetHints":{"allow":["GET"]}}],"collection":[{"href":"https:\/\/zonaroja.com.mx\/index.php?rest_route=\/wp\/v2\/posts"}],"about":[{"href":"https:\/\/zonaroja.com.mx\/index.php?rest_route=\/wp\/v2\/types\/post"}],"author":[{"embeddable":true,"href":"https:\/\/zonaroja.com.mx\/index.php?rest_route=\/wp\/v2\/users\/2"}],"replies":[{"embeddable":true,"href":"https:\/\/zonaroja.com.mx\/index.php?rest_route=%2Fwp%2Fv2%2Fcomments&post=77793"}],"version-history":[{"count":1,"href":"https:\/\/zonaroja.com.mx\/index.php?rest_route=\/wp\/v2\/posts\/77793\/revisions"}],"predecessor-version":[{"id":77795,"href":"https:\/\/zonaroja.com.mx\/index.php?rest_route=\/wp\/v2\/posts\/77793\/revisions\/77795"}],"wp:featuredmedia":[{"embeddable":true,"href":"https:\/\/zonaroja.com.mx\/index.php?rest_route=\/wp\/v2\/media\/77794"}],"wp:attachment":[{"href":"https:\/\/zonaroja.com.mx\/index.php?rest_route=%2Fwp%2Fv2%2Fmedia&parent=77793"}],"wp:term":[{"taxonomy":"category","embeddable":true,"href":"https:\/\/zonaroja.com.mx\/index.php?rest_route=%2Fwp%2Fv2%2Fcategories&post=77793"},{"taxonomy":"post_tag","embeddable":true,"href":"https:\/\/zonaroja.com.mx\/index.php?rest_route=%2Fwp%2Fv2%2Ftags&post=77793"}],"curies":[{"name":"wp","href":"https:\/\/api.w.org\/{rel}","templated":true}]}}