{"id":77796,"date":"2025-02-23T13:00:00","date_gmt":"2025-02-23T19:00:00","guid":{"rendered":"https:\/\/zonaroja.com.mx\/?p=77796"},"modified":"2025-02-23T07:03:44","modified_gmt":"2025-02-23T13:03:44","slug":"trump-de-nuevo-no-estoy-contento-con-mexico-ni-con-canada","status":"publish","type":"post","link":"https:\/\/zonaroja.com.mx\/?p=77796","title":{"rendered":"Trump de nuevo: no estoy contento con M\u00e9xico ni con Canad\u00e1"},"content":{"rendered":"\n<p>Redacci\u00f3n\/Zona Roja Cdmx.<\/p>\n\n\n\n<p>Ciudad de M\u00e9xico, a 23 de febrero de 2025.- Donald Trump, presidente de Estados Unidos, dej\u00f3 en claro este s\u00e1bado que no est\u00e1 contento con M\u00e9xico ni con Canad\u00e1.<\/p>\n\n\n\n<p>Lo anterior fue detallado en un discurso que dio el mandatario estadounidense en la Conferencia de&nbsp;Acci\u00f3n Pol\u00edtica Conservadora&nbsp;(CPAC, por sus siglas en ingl\u00e9s).<\/p>\n\n\n\n<p>\u201cHace unas semanas impuse un arancel del 10 por ciento a todos los productos procedentes de China debido a que est\u00e1n enviando fentanilo a nuestro pa\u00eds a trav\u00e9s de M\u00e9xico\u201d, dijo.<\/p>\n\n\n\n<p>Por cierto,&nbsp;no estoy contento con M\u00e9xico,&nbsp;ni tampoco con Canad\u00e1\u201d, puntualiz\u00f3.<\/p>\n\n\n\n<p>Las declaraciones de Trump llegan cuando est\u00e1 a punto de cumplirse el mes de pausa para evitar que EE.UU. impongan aranceles a productos mexicanos y canadienses, plazo que culminar\u00e1 el 4 de marzo.<\/p>\n\n\n\n<p>En su intervenci\u00f3n en el foro, que comenz\u00f3 el mi\u00e9rcoles y finaliz\u00f3 hoy, Trump agradeci\u00f3 su presencia a los pol\u00edticos conservadores que acudieron al evento, entre ellos Eduardo Bolsonaro, hijo del expresidente de Brasil; el mandatario argentino, Javier Milei; el polaco Andrzej Duda; el l\u00edder brit\u00e1nico del partido populista de derechas Reform UK, Nigel Farage, y el primer ministro de Eslovaquia, Robert Fico.<\/p>\n\n\n\n<p>Adem\u00e1s, el mandatario enfoc\u00f3 su discurso en la CPAC en celebrar las medidas tomadas por su Administraci\u00f3n en sus primeras semanas en el poder, entre ellas el desmantelamiento de la plantilla de la Agencia de EE.UU. para el Desarrollo Internacional (Usaid, en ingl\u00e9s), las pol\u00e9micas deportaciones de inmigrantes o su pol\u00edtica arancelaria.<\/p>\n\n\n\n<p>Tambi\u00e9n se enorgulleci\u00f3 de los recortes llevados a cabo por el Departamento de Eficiencia Gubernamental (DOGE), liderado por el magnate Elon Musk, del que dijo que est\u00e1 haciendo \u201cun gran trabajo\u201d.<\/p>\n\n\n\n<p>Trump tambi\u00e9n asegur\u00f3 que Estados Unidos est\u00e1 \u201ccerca de conseguir un acuerdo\u201d en la guerra en Ucrania y volvi\u00f3 a criticar la gran inversi\u00f3n monetaria de EE.UU. en el conflicto, asegurando que \u201cEuropa deber\u00eda poner m\u00e1s dinero\u201d que el pa\u00eds.<\/p>\n\n\n\n<p>(Con informaci\u00f3n de L\u00f3pez-D\u00f3riga Digital y EFE)<\/p>\n","protected":false},"excerpt":{"rendered":"<p>Redacci\u00f3n\/Zona Roja Cdmx. Ciudad de M\u00e9xico, a 23 de febrero de 2025.- Donald Trump, presidente&hellip;<\/p>\n","protected":false},"author":2,"featured_media":76253,"comment_status":"closed","ping_status":"open","sticky":false,"template":"","format":"standard","meta":{"_lmt_disableupdate":"","_lmt_disable":"","_jetpack_memberships_contains_paid_content":false,"footnotes":""},"categories":[109,47],"tags":[1060],"class_list":["post-77796","post","type-post","status-publish","format-standard","has-post-thumbnail","hentry","category-minuto-a-minuto","category-zona-gris","tag-donald-trump"],"jetpack_featured_media_url":"https:\/\/zonaroja.com.mx\/wp-content\/uploads\/2025\/01\/Donald-Trump.jpg","jetpack_sharing_enabled":true,"_links":{"self":[{"href":"https:\/\/zonaroja.com.mx\/index.php?rest_route=\/wp\/v2\/posts\/77796","targetHints":{"allow":["GET"]}}],"collection":[{"href":"https:\/\/zonaroja.com.mx\/index.php?rest_route=\/wp\/v2\/posts"}],"about":[{"href":"https:\/\/zonaroja.com.mx\/index.php?rest_route=\/wp\/v2\/types\/post"}],"author":[{"embeddable":true,"href":"https:\/\/zonaroja.com.mx\/index.php?rest_route=\/wp\/v2\/users\/2"}],"replies":[{"embeddable":true,"href":"https:\/\/zonaroja.com.mx\/index.php?rest_route=%2Fwp%2Fv2%2Fcomments&post=77796"}],"version-history":[{"count":1,"href":"https:\/\/zonaroja.com.mx\/index.php?rest_route=\/wp\/v2\/posts\/77796\/revisions"}],"predecessor-version":[{"id":77797,"href":"https:\/\/zonaroja.com.mx\/index.php?rest_route=\/wp\/v2\/posts\/77796\/revisions\/77797"}],"wp:featuredmedia":[{"embeddable":true,"href":"https:\/\/zonaroja.com.mx\/index.php?rest_route=\/wp\/v2\/media\/76253"}],"wp:attachment":[{"href":"https:\/\/zonaroja.com.mx\/index.php?rest_route=%2Fwp%2Fv2%2Fmedia&parent=77796"}],"wp:term":[{"taxonomy":"category","embeddable":true,"href":"https:\/\/zonaroja.com.mx\/index.php?rest_route=%2Fwp%2Fv2%2Fcategories&post=77796"},{"taxonomy":"post_tag","embeddable":true,"href":"https:\/\/zonaroja.com.mx\/index.php?rest_route=%2Fwp%2Fv2%2Ftags&post=77796"}],"curies":[{"name":"wp","href":"https:\/\/api.w.org\/{rel}","templated":true}]}}