{"id":7780,"date":"2020-01-17T20:12:16","date_gmt":"2020-01-18T02:12:16","guid":{"rendered":"http:\/\/www.zonaroja.com.mx\/?p=7780"},"modified":"2020-01-17T20:12:19","modified_gmt":"2020-01-18T02:12:19","slug":"relevan-mandos-militares-en-dos-zonas-de-la-sedena-en-oaxaca","status":"publish","type":"post","link":"https:\/\/zonaroja.com.mx\/?p=7780","title":{"rendered":"Relevan mandos militares en dos zonas de la Sedena en Oaxaca"},"content":{"rendered":"\n<p>Redacci\u00f3n\/Zona\nRoja.<\/p>\n\n\n\n<p>Santa Mar\u00eda\nIxcotel, Santa Luc\u00eda del Camino, Oax., 17 de enero de 2020.- En la VIII Regi\u00f3n\nMilitar se llevaron a cabo cambios en los mandos militares de las zonas\nubicadas en territorio oaxaque\u00f1o, como parte de la pol\u00edtica de rotaci\u00f3n del\npersonal que realiza la Secretar\u00eda de la Defensa Nacional (Sedena).<\/p>\n\n\n\n<p>Se trata de\nlos generales de Brigada Diplomado de Estado Mayor, Gerardo M\u00e9rida S\u00e1nchez e\nHiginio Gabriel Castillo Olvera, quienes tomaron posesi\u00f3n del cargo y protesta\nde bandera como comandantes de la 44 Zona Militar con sede en Miahuatl\u00e1n de\nPorfirio D\u00edaz y 46 Zona Militar con sede Ciudad Ixtepec, respectivamente. <\/p>\n\n\n\n<p>De acuerdo\ncon los mandos superiores de la Sedena en Oaxaca, la dependencia busca que\nquienes representan las diversas jerarqu\u00edas al interior de la instituci\u00f3n\narmada ocupen diferentes cargos durante su trayectoria militares.<\/p>\n\n\n\n<p>En este sentido se comprometieron a seguir cumpliendo cada una de las misiones asignadas en coordinaci\u00f3n con los tres \u00f3rdenes de gobierno, que permitan garantizar la seguridad y tranquilidad de la ciudadan\u00eda, ello con apego irrestricto a los Derechos Humanos para conseguir la paz que busca el pa\u00eds. <\/p>\n\n\n\n<figure class=\"wp-block-embed-twitter wp-block-embed is-type-rich is-provider-twitter\"><div class=\"wp-block-embed__wrapper\">\n<div class=\"twitter-tweet\"><blockquote class=\"twitter-tweet\" data-lang=\"es\"><p lang=\"es\" dir=\"ltr\">En la VIII Regi\u00f3n Militar de la <a href=\"https:\/\/twitter.com\/SEDENAmx?ref_src=twsrc%5Etfw\">@SEDENAmx<\/a>, con sede en Santa Mar\u00eda Ixcotel, este jueves se efectu\u00f3 la ceremonia de toma de protesta de nuevos comandantes en las zonas militares 44, Miahuatl\u00e1n de Porfirio D\u00edaz, y 46, Ciudad Ixtepec. <a href=\"https:\/\/t.co\/HtBQzVKDrf\">pic.twitter.com\/HtBQzVKDrf<\/a><\/p>&mdash; Zona Roja Oaxaca (@MexRoja) <a href=\"https:\/\/twitter.com\/MexRoja\/status\/1218348533973164034?ref_src=twsrc%5Etfw\">18 de enero de 2020<\/a><\/blockquote><\/div>\n<\/div><\/figure>\n\n\n\n<p>Con amplia\ntrayectoria expuesta en sus curr\u00edculum, le\u00eddos durante la ceremonia, Gerardo\nM\u00e9rida S\u00e1nchez e Higinio Gabriel Castillo Olvera estar\u00e1n a cargo de los\noperativos que se implementan en la zona, particularmente en la regi\u00f3n del Istmo\nde Tehuantepec que se ha visto afectada con el incremento de la violencia e\ninseguridad. <\/p>\n\n\n\n<p>As\u00ed mismo ser\u00e1n los encargados, al mando del general Juan Arturo Cordero, comandante de la VIII Regi\u00f3n Militar, de implementar los operativos de apoyo a la poblaci\u00f3n en caso de desastres naturales como lo han hecho en atenci\u00f3n a inundaciones, incendios y sismos suscitados principalmente en territorio oaxaque\u00f1o.<\/p>\n\n\n\n<p>Al acto\nacudi\u00f3 con la representaci\u00f3n del gobernador Alejandro Murat Hinojosa, el\nsecretario General de Gobierno, H\u00e9ctor Anuar Mafud; asimismo el fiscal General\ndel Estado, Rub\u00e9n Vasconcelos M\u00e9ndez, entre otros, funcionarios.<\/p>\n","protected":false},"excerpt":{"rendered":"<p>Redacci\u00f3n\/Zona Roja. Santa Mar\u00eda Ixcotel, Santa Luc\u00eda del Camino, Oax., 17 de enero de 2020.-&hellip;<\/p>\n","protected":false},"author":2,"featured_media":7781,"comment_status":"closed","ping_status":"open","sticky":false,"template":"","format":"standard","meta":{"_lmt_disableupdate":"","_lmt_disable":"","_jetpack_memberships_contains_paid_content":false,"footnotes":""},"categories":[109,46],"tags":[709],"class_list":["post-7780","post","type-post","status-publish","format-standard","has-post-thumbnail","hentry","category-minuto-a-minuto","category-zona-blanca","tag-viii-region-militar-sedena"],"jetpack_featured_media_url":"https:\/\/zonaroja.com.mx\/wp-content\/uploads\/2020\/01\/Cambios-Sedena.jpg","jetpack_sharing_enabled":true,"_links":{"self":[{"href":"https:\/\/zonaroja.com.mx\/index.php?rest_route=\/wp\/v2\/posts\/7780","targetHints":{"allow":["GET"]}}],"collection":[{"href":"https:\/\/zonaroja.com.mx\/index.php?rest_route=\/wp\/v2\/posts"}],"about":[{"href":"https:\/\/zonaroja.com.mx\/index.php?rest_route=\/wp\/v2\/types\/post"}],"author":[{"embeddable":true,"href":"https:\/\/zonaroja.com.mx\/index.php?rest_route=\/wp\/v2\/users\/2"}],"replies":[{"embeddable":true,"href":"https:\/\/zonaroja.com.mx\/index.php?rest_route=%2Fwp%2Fv2%2Fcomments&post=7780"}],"version-history":[{"count":1,"href":"https:\/\/zonaroja.com.mx\/index.php?rest_route=\/wp\/v2\/posts\/7780\/revisions"}],"predecessor-version":[{"id":7782,"href":"https:\/\/zonaroja.com.mx\/index.php?rest_route=\/wp\/v2\/posts\/7780\/revisions\/7782"}],"wp:featuredmedia":[{"embeddable":true,"href":"https:\/\/zonaroja.com.mx\/index.php?rest_route=\/wp\/v2\/media\/7781"}],"wp:attachment":[{"href":"https:\/\/zonaroja.com.mx\/index.php?rest_route=%2Fwp%2Fv2%2Fmedia&parent=7780"}],"wp:term":[{"taxonomy":"category","embeddable":true,"href":"https:\/\/zonaroja.com.mx\/index.php?rest_route=%2Fwp%2Fv2%2Fcategories&post=7780"},{"taxonomy":"post_tag","embeddable":true,"href":"https:\/\/zonaroja.com.mx\/index.php?rest_route=%2Fwp%2Fv2%2Ftags&post=7780"}],"curies":[{"name":"wp","href":"https:\/\/api.w.org\/{rel}","templated":true}]}}