{"id":77814,"date":"2025-02-24T08:15:00","date_gmt":"2025-02-24T14:15:00","guid":{"rendered":"https:\/\/zonaroja.com.mx\/?p=77814"},"modified":"2025-02-24T08:00:02","modified_gmt":"2025-02-24T14:00:02","slug":"murat-engallado-a-mi-me-han-tratado-de-poca-madre-en-morena","status":"publish","type":"post","link":"https:\/\/zonaroja.com.mx\/?p=77814","title":{"rendered":"Murat engallado: \u201cA m\u00ed me han tratado de poca madre en Morena\u201d"},"content":{"rendered":"\n<p>Ismael Garc\u00eda M.\/Zona Roja.<\/p>\n\n\n\n<p>Oaxaca de Ju\u00e1rez, Oax., a 24 de febrero de 2025.- Desde Tabasco, tierra del ex presidente Andr\u00e9s Manuel L\u00f3pez Obrador, el ex priista se engall\u00f3 y ret\u00f3 a los morenistas de Oaxaca.<\/p>\n\n\n\n<p>\u201cA m\u00ed me han tratado de poca madre en Morena. Para atr\u00e1s, ni para agarrar vuelito, as\u00ed que no se me hagan bolas. Los que tengan la piel delgada, si no pueden, que se hagan a un lado\u201d.<\/p>\n\n\n\n<p>En entrevista colectiva de ayer, se deslind\u00f3 del PRI y rebati\u00f3 a los morenistas que han exigido que no sea autorizada su afiliaci\u00f3n al Partido Morena e incluso evit\u00f3 opinar sobre el PRI, su antiguo partido, que lo hizo gobernador de Oaxaca, pese a ser originario del Estado de M\u00e9xico.<\/p>\n\n\n\n<p>\u201cYo soy de la bancada de Morena desde que arranc\u00f3 esta legislatura e hice campa\u00f1a como Morena y apoy\u00e9 a la presidenta Claudia Sheinbaum Pardo. Pero quiero decirles que los valores y los principios no tienen membrete\u201d, afirm\u00f3.<\/p>\n\n\n\n<p>\u201cA m\u00ed me da gusto que en todos los partidos haya debate, eso es lo que hace que la democracia fluya. Hay que debatir. Lo que hay que decirles es que no tengan, al final, que la piel no sea tan delgada. Aqu\u00ed hay que debatir de frente\u201d, subray\u00f3 el hijo de Jos\u00e9 Murat Casab.<\/p>\n\n\n\n<p>Fue hace dos semanas en que el secretario de Organizaci\u00f3n de Morena, Andr\u00e9s L\u00f3pez Beltr\u00e1n, se reuni\u00f3 con Murat Hinojosa, quien difundi\u00f3 una fotograf\u00eda que caus\u00f3 revuelo pol\u00edtico.<\/p>\n\n\n\n<p>Luego la semana pasada la dirigente nacional del partido, Luisa Alcalde, le entreg\u00f3 su credencial de militante de Morena.<\/p>\n\n\n\n<p>Tras ello, a nivel nacional pero principalmente desde Oaxaca, los morenistas exigieron que no se le reconociera a Murat Hinojosa como miembro del partido.<\/p>\n\n\n\n<p>Entre las voces que rechazaron su afiliaci\u00f3n se encuentran el gobernador Salom\u00f3n Jara Cruz, el senador Antonino Morales Toledo, el diputado y presidente de la Junta de Coordinaci\u00f3n Pol\u00edtica, Benjam\u00edn Viveros, y el dirigente de Morena en la entidad, Emmanuel Navarro.<\/p>\n\n\n\n<figure class=\"wp-block-embed is-type-rich is-provider-twitter wp-block-embed-twitter\"><div class=\"wp-block-embed__wrapper\">\n<div class=\"twitter-tweet\"><blockquote class=\"twitter-tweet\" data-lang=\"es\"><p lang=\"es\" dir=\"ltr\">Se engalla y as\u00ed reta el ex priista <a href=\"https:\/\/twitter.com\/alejandromurat?ref_src=twsrc%5Etfw\">@alejandromurat<\/a> a la 4T oaxaque\u00f1a:<br><br>\u201cA m\u00ed me han tratado de poca madre en Morena. Para atr\u00e1s, ni para agarrar vuelito, as\u00ed que no se me hagan bolas. No me preocupa nada\u201d. <br><br>\u00bfC\u00f3mo ve? <a href=\"https:\/\/t.co\/T8dfRJmtf0\">pic.twitter.com\/T8dfRJmtf0<\/a><\/p>&mdash; Zona Roja Oaxaca (@ZonaRoja_Oaxaca) <a href=\"https:\/\/twitter.com\/ZonaRoja_Oaxaca\/status\/1893867812000571641?ref_src=twsrc%5Etfw\">24 de febrero de 2025<\/a><\/blockquote><\/div>\n<\/div><\/figure>\n","protected":false},"excerpt":{"rendered":"<p>Ismael Garc\u00eda M.\/Zona Roja. Oaxaca de Ju\u00e1rez, Oax., a 24 de febrero de 2025.- Desde&hellip;<\/p>\n","protected":false},"author":2,"featured_media":77657,"comment_status":"closed","ping_status":"open","sticky":false,"template":"","format":"standard","meta":{"_lmt_disableupdate":"","_lmt_disable":"","_jetpack_memberships_contains_paid_content":false,"footnotes":""},"categories":[109,47],"tags":[102],"class_list":["post-77814","post","type-post","status-publish","format-standard","has-post-thumbnail","hentry","category-minuto-a-minuto","category-zona-gris","tag-alejandro-murat"],"jetpack_featured_media_url":"https:\/\/zonaroja.com.mx\/wp-content\/uploads\/2025\/02\/Alejandro-Murat-y-Luisa-Alcalde.jpeg","jetpack_sharing_enabled":true,"_links":{"self":[{"href":"https:\/\/zonaroja.com.mx\/index.php?rest_route=\/wp\/v2\/posts\/77814","targetHints":{"allow":["GET"]}}],"collection":[{"href":"https:\/\/zonaroja.com.mx\/index.php?rest_route=\/wp\/v2\/posts"}],"about":[{"href":"https:\/\/zonaroja.com.mx\/index.php?rest_route=\/wp\/v2\/types\/post"}],"author":[{"embeddable":true,"href":"https:\/\/zonaroja.com.mx\/index.php?rest_route=\/wp\/v2\/users\/2"}],"replies":[{"embeddable":true,"href":"https:\/\/zonaroja.com.mx\/index.php?rest_route=%2Fwp%2Fv2%2Fcomments&post=77814"}],"version-history":[{"count":1,"href":"https:\/\/zonaroja.com.mx\/index.php?rest_route=\/wp\/v2\/posts\/77814\/revisions"}],"predecessor-version":[{"id":77815,"href":"https:\/\/zonaroja.com.mx\/index.php?rest_route=\/wp\/v2\/posts\/77814\/revisions\/77815"}],"wp:featuredmedia":[{"embeddable":true,"href":"https:\/\/zonaroja.com.mx\/index.php?rest_route=\/wp\/v2\/media\/77657"}],"wp:attachment":[{"href":"https:\/\/zonaroja.com.mx\/index.php?rest_route=%2Fwp%2Fv2%2Fmedia&parent=77814"}],"wp:term":[{"taxonomy":"category","embeddable":true,"href":"https:\/\/zonaroja.com.mx\/index.php?rest_route=%2Fwp%2Fv2%2Fcategories&post=77814"},{"taxonomy":"post_tag","embeddable":true,"href":"https:\/\/zonaroja.com.mx\/index.php?rest_route=%2Fwp%2Fv2%2Ftags&post=77814"}],"curies":[{"name":"wp","href":"https:\/\/api.w.org\/{rel}","templated":true}]}}