{"id":77819,"date":"2025-02-24T11:14:00","date_gmt":"2025-02-24T17:14:00","guid":{"rendered":"https:\/\/zonaroja.com.mx\/?p=77819"},"modified":"2025-02-24T08:19:35","modified_gmt":"2025-02-24T14:19:35","slug":"abogado-de-el-mayo-zambada-ligado-a-morena","status":"publish","type":"post","link":"https:\/\/zonaroja.com.mx\/?p=77819","title":{"rendered":"Abogado de \u201cEl Mayo\u201d Zambada, \u00bfligado a Morena?"},"content":{"rendered":"\n<p>Redacci\u00f3n\/Zona Roja Cdmx.<\/p>\n\n\n\n<p>Ciudad de M\u00e9xico, a 24 de febrero de 2025.- En una carta, el l\u00edder del C\u00e1rtel de Sinaloa, Ismael \u201cMayo\u201d Zambada, solicit\u00f3 recientemente a M\u00e9xico su repatriaci\u00f3n para librarse de la pena de muerte de la que corre riesgo al ser juzgado en Estados Unidos.<\/p>\n\n\n\n<p>En la misiva se\u00f1al\u00f3 a Juan Pablo Penilla Rodr\u00edguez como su asesor jur\u00eddico en M\u00e9xico, quien a su vez, ha sido acusado de tener v\u00ednculos con Morena.<\/p>\n\n\n\n<p>Pero \u00bfQui\u00e9n es Penilla Rodr\u00edguez? Aqu\u00ed te contamos.<\/p>\n\n\n\n<p>Los abogados Juan Pablo Penilla Rodr\u00edguez y Juan Manuel Delgado Gonz\u00e1lez fueron mencionados por el \u201cMayo\u201d Zambada, en su solicitud de asistencia consular y repatriaci\u00f3n dirigida al Consulado de M\u00e9xico en Nueva York.<\/p>\n\n\n\n<p>Aunque su abogado en Estados Unidos es Frank Perez, el fundador del C\u00e1rtel de Sinaloa asegur\u00f3 que Penilla y Delgado eran sus asesores jur\u00eddicos en territorio mexicano.<\/p>\n\n\n\n<p>No existe informaci\u00f3n personal sobre el asesor legal, sin embargo, hay un perfil de Linkedin con su nombre que indica que es licenciado en Derecho por la Universidad Aut\u00f3noma de Tamaulipas y ha sido socio del buffet de abogado De La Pe\u00f1a, Penilla &amp; Asociados desde 2005.<\/p>\n\n\n\n<p>En redes sociales, la oposici\u00f3n mexicana comenz\u00f3 a circular un supuesto documento fechado el 10 de enero de 2023, en donde el gobernador de Tamaulipas, Am\u00e9rico Villarreal, lo habr\u00eda designado como su \u201casesor honor\u00edfico\u201d. Sin embargo, el Gobierno estatal se deslind\u00f3 de el:<\/p>\n\n\n\n<p>\u201cEl licenciado Juan Pablo Penilla Rodr\u00edguez no es servidor p\u00fablico, ni asesor honor\u00edfico del Ejecutivo Estatal. El documento que se expidi\u00f3 en su momento qued\u00f3 anulado tras una valoraci\u00f3n de las propuestas de las organizaciones civiles como contra en el Periodico Oficial del Estado\u201d.<\/p>\n\n\n\n<p>Adem\u00e1s, Luisa Mar\u00eda Alcalde, presidenta nacional de Morena, rechaz\u00f3 que el partido tenga v\u00ednculos con el abogado. A trav\u00e9s de un comunicado, inform\u00f3 que se realiz\u00f3 una revisi\u00f3n exhaustiva en las bases de datos.<\/p>\n\n\n\n<p>De esta manera ssostuvo que \u201ccontrario a lo dicho por la oposici\u00f3n, no existe ning\u00fan registro de que Juan Pablo Penilla Rodr\u00edguez haya formado parte de la asesor\u00eda legal de la campa\u00f1a de nuestro partido-movimiento en dicho proceso electoral\u201d.<\/p>\n\n\n\n<p>(Informaci\u00f3n de Pol\u00edtico.Mx)<\/p>\n","protected":false},"excerpt":{"rendered":"<p>Redacci\u00f3n\/Zona Roja Cdmx. Ciudad de M\u00e9xico, a 24 de febrero de 2025.- En una carta,&hellip;<\/p>\n","protected":false},"author":2,"featured_media":77820,"comment_status":"closed","ping_status":"open","sticky":false,"template":"","format":"standard","meta":{"_lmt_disableupdate":"","_lmt_disable":"","_jetpack_memberships_contains_paid_content":false,"footnotes":""},"categories":[109,47],"tags":[4228],"class_list":["post-77819","post","type-post","status-publish","format-standard","has-post-thumbnail","hentry","category-minuto-a-minuto","category-zona-gris","tag-juan-pablo-penilla"],"jetpack_featured_media_url":"https:\/\/zonaroja.com.mx\/wp-content\/uploads\/2025\/02\/Juan-Pablo-Penilla-Mayo-Zambada.jpg.avif","jetpack_sharing_enabled":true,"_links":{"self":[{"href":"https:\/\/zonaroja.com.mx\/index.php?rest_route=\/wp\/v2\/posts\/77819","targetHints":{"allow":["GET"]}}],"collection":[{"href":"https:\/\/zonaroja.com.mx\/index.php?rest_route=\/wp\/v2\/posts"}],"about":[{"href":"https:\/\/zonaroja.com.mx\/index.php?rest_route=\/wp\/v2\/types\/post"}],"author":[{"embeddable":true,"href":"https:\/\/zonaroja.com.mx\/index.php?rest_route=\/wp\/v2\/users\/2"}],"replies":[{"embeddable":true,"href":"https:\/\/zonaroja.com.mx\/index.php?rest_route=%2Fwp%2Fv2%2Fcomments&post=77819"}],"version-history":[{"count":1,"href":"https:\/\/zonaroja.com.mx\/index.php?rest_route=\/wp\/v2\/posts\/77819\/revisions"}],"predecessor-version":[{"id":77821,"href":"https:\/\/zonaroja.com.mx\/index.php?rest_route=\/wp\/v2\/posts\/77819\/revisions\/77821"}],"wp:featuredmedia":[{"embeddable":true,"href":"https:\/\/zonaroja.com.mx\/index.php?rest_route=\/wp\/v2\/media\/77820"}],"wp:attachment":[{"href":"https:\/\/zonaroja.com.mx\/index.php?rest_route=%2Fwp%2Fv2%2Fmedia&parent=77819"}],"wp:term":[{"taxonomy":"category","embeddable":true,"href":"https:\/\/zonaroja.com.mx\/index.php?rest_route=%2Fwp%2Fv2%2Fcategories&post=77819"},{"taxonomy":"post_tag","embeddable":true,"href":"https:\/\/zonaroja.com.mx\/index.php?rest_route=%2Fwp%2Fv2%2Ftags&post=77819"}],"curies":[{"name":"wp","href":"https:\/\/api.w.org\/{rel}","templated":true}]}}