{"id":77824,"date":"2025-02-24T13:23:00","date_gmt":"2025-02-24T19:23:00","guid":{"rendered":"https:\/\/zonaroja.com.mx\/?p=77824"},"modified":"2025-02-24T08:24:22","modified_gmt":"2025-02-24T14:24:22","slug":"convoca-el-legislativo-al-concurso-de-oratoria-lic-benito-juarez-garcia","status":"publish","type":"post","link":"https:\/\/zonaroja.com.mx\/?p=77824","title":{"rendered":"Convoca el Legislativo al concurso de oratoria \u201cLic. Benito Ju\u00e1rez Garc\u00eda\u201d"},"content":{"rendered":"\n<p>Redacci\u00f3n\/Zona Roja.<\/p>\n\n\n\n<p>Oaxaca de Ju\u00e1rez, Oax., a 24 de febrero de 2025.- El Congreso del Estado de Oaxaca a trav\u00e9s de la Comisi\u00f3n Permanente de Educaci\u00f3n, Ciencia, Tecnolog\u00eda e Innovaci\u00f3n, invitan a participar en el XXIII Certamen Nacional de Oratoria \u201cLic. Benito Ju\u00e1rez Garc\u00eda 2025\u201d, que se llevar\u00e1 a cabo en las instalaciones del Congreso local, los d\u00edas 26 y 27 de marzo del a\u00f1o en curso.<\/p>\n\n\n\n<p>El certamen se desarrollar\u00e1 en dos etapas. La primera ser\u00e1 estatal y podr\u00e1n participar las ni\u00f1as, ni\u00f1os y j\u00f3venes a partir de los 8 a\u00f1os y hasta los 29 a\u00f1os cumplidos, divididos en cuatro categor\u00edas. La segunda etapa es nacional y est\u00e1 abierta para las juventudes mexicanas de entre 19 y 29 a\u00f1os de edad.<\/p>\n\n\n\n<p>Cada etapa contar\u00e1 con fase eliminatoria y final. En la eliminatoria los discursos podr\u00e1n ser preparados y tendr\u00e1n una duraci\u00f3n m\u00ednima de seis minutos y siete como m\u00e1ximo. Para la final, el discurso ser\u00e1 improvisado con una duraci\u00f3n de ocho minutos. Por su parte, las ni\u00f1as y ni\u00f1os menores de 11 a\u00f1os tendr\u00e1n un tiempo m\u00e1ximo de cinco minutos.<\/p>\n\n\n\n<p>La etapa estatal abordar\u00e1 temas relacionados con: Origen de mi comunidad; Costumbres y tradiciones de mi pueblo; Violencia en el entorno escolar; Efectos de la contaminaci\u00f3n y cambio clim\u00e1tico; Paz, justicia y seguridad en las comunidades; Vida saludable en las escuelas; Impacto de las plataformas digitales en la vida cotidiana; Retos y oportunidades de los megaproyectos de desarrollo del pa\u00eds; Formaci\u00f3n profesional de las juventudes en el contexto de los avances tecnol\u00f3gicos; La drogadicci\u00f3n y sus impactos en las juventudes.<\/p>\n\n\n\n<p>Por otro lado, las tem\u00e1ticas de la etapa nacional son: Intervencionismo norteamericano en la vida democr\u00e1tica de los pa\u00edses latinoamericanos; Humanismo mexicano frente al Neoliberalismo; La inclusi\u00f3n y sus retos para la sociedad; Poblaci\u00f3n migrante y el derecho a una vida digna.<\/p>\n\n\n\n<p>Asimismo, las personas concursantes podr\u00e1n participar con su tema en alguna lengua originaria, por lo cual, contar\u00e1n con tres minutos adicionales y para ello, deber\u00e1n mencionar de esta intervenci\u00f3n desde el momento de su inscripci\u00f3n, y se les dar\u00e1 un bono adicional en el puntaje final.<\/p>\n\n\n\n<p>En la etapa estatal, el primero, segundo y tercer lugar de cada categor\u00eda recibir\u00e1 9 mil, 7 mil y 5 mil pesos respectivamente. En la etapa nacional el primero, segundo y tercer lugar ser\u00e1 premiado con 30, 20 y 15 mil pesos respectivamente, adem\u00e1s se les otorgar\u00e1 un diploma de participaci\u00f3n.<\/p>\n\n\n\n<p>La Comisi\u00f3n Permanente de Educaci\u00f3n, Ciencia, Tecnolog\u00eda e Innovaci\u00f3n ser\u00e1 la encargada de designar a un jurado calificador con una amplia y reconocida trayectoria en la materia, cuya decisi\u00f3n, en cada una de las etapas, ser\u00e1 inapelable.<\/p>\n\n\n\n<p>Las y los interesados en participar deber\u00e1n registrarse en la p\u00e1gina web del Congreso de Oaxaca (https:\/\/acortar.link\/z1RNnw), desde ahora y hasta el 15 de marzo.<\/p>\n","protected":false},"excerpt":{"rendered":"<p>Redacci\u00f3n\/Zona Roja. Oaxaca de Ju\u00e1rez, Oax., a 24 de febrero de 2025.- El Congreso del&hellip;<\/p>\n","protected":false},"author":2,"featured_media":67231,"comment_status":"closed","ping_status":"open","sticky":false,"template":"","format":"standard","meta":{"_lmt_disableupdate":"","_lmt_disable":"","_jetpack_memberships_contains_paid_content":false,"footnotes":""},"categories":[109,46],"tags":[214],"class_list":["post-77824","post","type-post","status-publish","format-standard","has-post-thumbnail","hentry","category-minuto-a-minuto","category-zona-blanca","tag-congreso-del-estado"],"jetpack_featured_media_url":"https:\/\/zonaroja.com.mx\/wp-content\/uploads\/2024\/04\/Poder-Legislativo-Congreso-Camara-de-Diputados.jpg","jetpack_sharing_enabled":true,"_links":{"self":[{"href":"https:\/\/zonaroja.com.mx\/index.php?rest_route=\/wp\/v2\/posts\/77824","targetHints":{"allow":["GET"]}}],"collection":[{"href":"https:\/\/zonaroja.com.mx\/index.php?rest_route=\/wp\/v2\/posts"}],"about":[{"href":"https:\/\/zonaroja.com.mx\/index.php?rest_route=\/wp\/v2\/types\/post"}],"author":[{"embeddable":true,"href":"https:\/\/zonaroja.com.mx\/index.php?rest_route=\/wp\/v2\/users\/2"}],"replies":[{"embeddable":true,"href":"https:\/\/zonaroja.com.mx\/index.php?rest_route=%2Fwp%2Fv2%2Fcomments&post=77824"}],"version-history":[{"count":1,"href":"https:\/\/zonaroja.com.mx\/index.php?rest_route=\/wp\/v2\/posts\/77824\/revisions"}],"predecessor-version":[{"id":77825,"href":"https:\/\/zonaroja.com.mx\/index.php?rest_route=\/wp\/v2\/posts\/77824\/revisions\/77825"}],"wp:featuredmedia":[{"embeddable":true,"href":"https:\/\/zonaroja.com.mx\/index.php?rest_route=\/wp\/v2\/media\/67231"}],"wp:attachment":[{"href":"https:\/\/zonaroja.com.mx\/index.php?rest_route=%2Fwp%2Fv2%2Fmedia&parent=77824"}],"wp:term":[{"taxonomy":"category","embeddable":true,"href":"https:\/\/zonaroja.com.mx\/index.php?rest_route=%2Fwp%2Fv2%2Fcategories&post=77824"},{"taxonomy":"post_tag","embeddable":true,"href":"https:\/\/zonaroja.com.mx\/index.php?rest_route=%2Fwp%2Fv2%2Ftags&post=77824"}],"curies":[{"name":"wp","href":"https:\/\/api.w.org\/{rel}","templated":true}]}}