{"id":7783,"date":"2020-01-17T21:46:26","date_gmt":"2020-01-18T03:46:26","guid":{"rendered":"http:\/\/www.zonaroja.com.mx\/?p=7783"},"modified":"2020-01-17T21:46:33","modified_gmt":"2020-01-18T03:46:33","slug":"matan-a-segunda-mujer-este-viernes-en-oaxaca-ahora-una-joven-en-ixcatlan","status":"publish","type":"post","link":"https:\/\/zonaroja.com.mx\/?p=7783","title":{"rendered":"Matan a segunda mujer este viernes en Oaxaca, ahora una joven en Ixcatl\u00e1n"},"content":{"rendered":"\n<p>Redacci\u00f3n\/Zona\nRoja.<\/p>\n\n\n\n<p>Foto: El\nPi\u00f1ero<\/p>\n\n\n\n<p>Oaxaca de\nJu\u00e1rez, Oax., 17 de enero de 2020.- Una segunda mujer fue asesinada a balazos\nen Oaxaca este viernes, en que el Presidente Andr\u00e9s Manuel L\u00f3pez Obrador\nrealiza una gira de trabajo en la entidad; con ella suman cuatro personas\nultimadas de forma violenta este d\u00eda.<\/p>\n\n\n\n<p>En San Pedro\nIxcatl\u00e1n \u2013municipio de la regi\u00f3n Cuenca del Papaloapan, donde el pasado viernes\nla Fiscal\u00eda General del Estado hall\u00f3 siete fosas clandestinas con 14 cuerpos&#8211;,\nla tarde de hoy fue ultimada a balazos una joven.<\/p>\n\n\n\n<p>La v\u00edctima\nfue identificada como Citlalli Jazm\u00edn Feliciano Figueria, de 18 a\u00f1os de edad,\nquien se encontraba en una tienda de abarrotes \u201cSan Juditas, de la calle\nReforma, colonia San Pablo.<\/p>\n\n\n\n<p>Sujetos\narmados ingresaron al local y dispararon en contra de ella; a\u00fan no se precisa\nsi fue a causa de un asalto o por las intenciones directas de asesinarla.<\/p>\n\n\n\n<p>La violencia\nen contra de las mujeres contin\u00faa y ayer en San Pedro Pochutla, municipio de la\nregi\u00f3n Costa, una mujer fue herida de bala, tras un presunto intento de asalto.<\/p>\n\n\n\n<p>Los hechos\nocurrieron en la calle A\u00f1o de Ju\u00e1rez, cuando Perla Z. sal\u00eda de una caja popular\nde ahorro y fue atacada por individuos armados; fue trasladada al hospital\ngeneral, donde contin\u00faa bajo atenci\u00f3n m\u00e9dica.<\/p>\n\n\n\n<p>En tanto,\ncomo se inform\u00f3, durante la ma\u00f1ana de este viernes otra mujer fue asesinada a\nbalazos, en el centro del municipio de Juchit\u00e1n de Zaragoza.<\/p>\n","protected":false},"excerpt":{"rendered":"<p>Redacci\u00f3n\/Zona Roja. Foto: El Pi\u00f1ero Oaxaca de Ju\u00e1rez, Oax., 17 de enero de 2020.- Una&hellip;<\/p>\n","protected":false},"author":2,"featured_media":7784,"comment_status":"closed","ping_status":"open","sticky":false,"template":"","format":"standard","meta":{"_lmt_disableupdate":"","_lmt_disable":"","_jetpack_memberships_contains_paid_content":false,"footnotes":""},"categories":[109,51],"tags":[1043],"class_list":["post-7783","post","type-post","status-publish","format-standard","has-post-thumbnail","hentry","category-minuto-a-minuto","category-zona-roja","tag-san-pedro-ixcatlan"],"jetpack_featured_media_url":"https:\/\/zonaroja.com.mx\/wp-content\/uploads\/2020\/01\/Feminicidio-Ixcatl\u00e1n.jpg","jetpack_sharing_enabled":true,"_links":{"self":[{"href":"https:\/\/zonaroja.com.mx\/index.php?rest_route=\/wp\/v2\/posts\/7783","targetHints":{"allow":["GET"]}}],"collection":[{"href":"https:\/\/zonaroja.com.mx\/index.php?rest_route=\/wp\/v2\/posts"}],"about":[{"href":"https:\/\/zonaroja.com.mx\/index.php?rest_route=\/wp\/v2\/types\/post"}],"author":[{"embeddable":true,"href":"https:\/\/zonaroja.com.mx\/index.php?rest_route=\/wp\/v2\/users\/2"}],"replies":[{"embeddable":true,"href":"https:\/\/zonaroja.com.mx\/index.php?rest_route=%2Fwp%2Fv2%2Fcomments&post=7783"}],"version-history":[{"count":1,"href":"https:\/\/zonaroja.com.mx\/index.php?rest_route=\/wp\/v2\/posts\/7783\/revisions"}],"predecessor-version":[{"id":7785,"href":"https:\/\/zonaroja.com.mx\/index.php?rest_route=\/wp\/v2\/posts\/7783\/revisions\/7785"}],"wp:featuredmedia":[{"embeddable":true,"href":"https:\/\/zonaroja.com.mx\/index.php?rest_route=\/wp\/v2\/media\/7784"}],"wp:attachment":[{"href":"https:\/\/zonaroja.com.mx\/index.php?rest_route=%2Fwp%2Fv2%2Fmedia&parent=7783"}],"wp:term":[{"taxonomy":"category","embeddable":true,"href":"https:\/\/zonaroja.com.mx\/index.php?rest_route=%2Fwp%2Fv2%2Fcategories&post=7783"},{"taxonomy":"post_tag","embeddable":true,"href":"https:\/\/zonaroja.com.mx\/index.php?rest_route=%2Fwp%2Fv2%2Ftags&post=7783"}],"curies":[{"name":"wp","href":"https:\/\/api.w.org\/{rel}","templated":true}]}}