{"id":77830,"date":"2025-02-24T18:14:03","date_gmt":"2025-02-25T00:14:03","guid":{"rendered":"https:\/\/zonaroja.com.mx\/?p=77830"},"modified":"2025-02-24T18:14:05","modified_gmt":"2025-02-25T00:14:05","slug":"exigen-justicia-para-el-joven-ciclista-atropellado-por-una-unidad-de-citybus","status":"publish","type":"post","link":"https:\/\/zonaroja.com.mx\/?p=77830","title":{"rendered":"Exigen justicia para el joven ciclista atropellado por una unidad de Citybus"},"content":{"rendered":"\n<p>Raymundo Morales\/Zona Roja.<\/p>\n\n\n\n<p>Oaxaca de Ju\u00e1rez, Oax., a 24 de febrero de 2024.- Familiares del joven ciclista atropellado el pasado s\u00e1bado en Santa Luc\u00eda del Camino, exigen justicia y agilidad en el proceso por parte de la Fiscal\u00eda General del Estado de Oaxaca.<\/p>\n\n\n\n<p>El pasado 22 de febrero por la tarde, sobre la avenida L\u00e1zaro C\u00e1rdenas del municipio citado, fue arrollada una persona del sexo masculino, mientras transitaba por la vialidad.<\/p>\n\n\n\n<p>La conductora del autob\u00fas Fabiola S. L., fue detenida en el momento de los hechos, mientras la v\u00edctima identificada como Diego T. C., fue trasladada a un hospital, donde se lo reportan delicado de salud.<\/p>\n\n\n\n<p>Sin embargo, hasta el momento nadie se ha apersonado para apoyar al lesionado, mientras que el proceso por parte del Ministerio P\u00fablico se mantiene lento, seg\u00fan los familiares con la finalidad de tratar de beneficiar a la conductora de la unidad Citybus.<\/p>\n\n\n\n<p>Por esa raz\u00f3n, demandaron un proceso \u00e1gil y que la empresa propiedad del Gobierno del Estado se comprometa tanto a cubrir los gastos de la atenci\u00f3n m\u00e9dica como a sancionar a la presunta responsable del atropellamiento.<\/p>\n\n\n\n<p>Por su parte, a trav\u00e9s de un escueto comunicado, el Sistema de Transporte Colectivo Metropolitano Citybus Oaxaca inform\u00f3 que colabora en la investigaci\u00f3n del accidente registrado en la avenida L\u00e1zaro C\u00e1rdenas en el municipio de Santa Luc\u00eda del Camino, en el que se vio involucrada una de sus unidades y un ciclista.<\/p>\n\n\n\n<p>\u201cEl organismo informa que, como parte del procedimiento, puso los registros de videovigilancia a disposici\u00f3n de la autoridad competente para determinar responsabilidades\u201d.<\/p>\n","protected":false},"excerpt":{"rendered":"<p>Raymundo Morales\/Zona Roja. Oaxaca de Ju\u00e1rez, Oax., a 24 de febrero de 2024.- Familiares del&hellip;<\/p>\n","protected":false},"author":2,"featured_media":77831,"comment_status":"closed","ping_status":"open","sticky":false,"template":"","format":"standard","meta":{"_lmt_disableupdate":"","_lmt_disable":"","_jetpack_memberships_contains_paid_content":false,"footnotes":""},"categories":[109,47],"tags":[],"class_list":["post-77830","post","type-post","status-publish","format-standard","has-post-thumbnail","hentry","category-minuto-a-minuto","category-zona-gris"],"jetpack_featured_media_url":"https:\/\/zonaroja.com.mx\/wp-content\/uploads\/2025\/02\/Atropellado-Santa-Lucia-del-Camino.jpeg","jetpack_sharing_enabled":true,"_links":{"self":[{"href":"https:\/\/zonaroja.com.mx\/index.php?rest_route=\/wp\/v2\/posts\/77830","targetHints":{"allow":["GET"]}}],"collection":[{"href":"https:\/\/zonaroja.com.mx\/index.php?rest_route=\/wp\/v2\/posts"}],"about":[{"href":"https:\/\/zonaroja.com.mx\/index.php?rest_route=\/wp\/v2\/types\/post"}],"author":[{"embeddable":true,"href":"https:\/\/zonaroja.com.mx\/index.php?rest_route=\/wp\/v2\/users\/2"}],"replies":[{"embeddable":true,"href":"https:\/\/zonaroja.com.mx\/index.php?rest_route=%2Fwp%2Fv2%2Fcomments&post=77830"}],"version-history":[{"count":1,"href":"https:\/\/zonaroja.com.mx\/index.php?rest_route=\/wp\/v2\/posts\/77830\/revisions"}],"predecessor-version":[{"id":77832,"href":"https:\/\/zonaroja.com.mx\/index.php?rest_route=\/wp\/v2\/posts\/77830\/revisions\/77832"}],"wp:featuredmedia":[{"embeddable":true,"href":"https:\/\/zonaroja.com.mx\/index.php?rest_route=\/wp\/v2\/media\/77831"}],"wp:attachment":[{"href":"https:\/\/zonaroja.com.mx\/index.php?rest_route=%2Fwp%2Fv2%2Fmedia&parent=77830"}],"wp:term":[{"taxonomy":"category","embeddable":true,"href":"https:\/\/zonaroja.com.mx\/index.php?rest_route=%2Fwp%2Fv2%2Fcategories&post=77830"},{"taxonomy":"post_tag","embeddable":true,"href":"https:\/\/zonaroja.com.mx\/index.php?rest_route=%2Fwp%2Fv2%2Ftags&post=77830"}],"curies":[{"name":"wp","href":"https:\/\/api.w.org\/{rel}","templated":true}]}}