{"id":77836,"date":"2025-02-24T21:13:29","date_gmt":"2025-02-25T03:13:29","guid":{"rendered":"https:\/\/zonaroja.com.mx\/?p=77836"},"modified":"2025-02-24T21:13:31","modified_gmt":"2025-02-25T03:13:31","slug":"magisterio-preve-continuar-bloqueos-manana-y-ya-preparan-dos-dias-de-paro","status":"publish","type":"post","link":"https:\/\/zonaroja.com.mx\/?p=77836","title":{"rendered":"Magisterio prev\u00e9 continuar bloqueos ma\u00f1ana; y ya preparan dos d\u00edas de paro"},"content":{"rendered":"\n<p>Ismael Garc\u00eda M.\/Zona Roja.<\/p>\n\n\n\n<p>Oaxaca de Ju\u00e1rez, Oax., a 24 de febrero de 2024.- Luego de bloquear durante todo el d\u00eda tres puntos viales en la ciudad de Oaxaca y zona conurbada, un grupo de docentes de la Secci\u00f3n 22 del Sindicato Nacional de Trabajadores de la Educaci\u00f3n pernocta en el z\u00f3calo.<\/p>\n\n\n\n<p>Se trata de integrantes del nivel de Educaci\u00f3n Ind\u00edgena del magisterio que, entre desorden, iniciaron una jornada de movilizaciones para exigir cumplimiento a diversas demandas, entre ellas recategorizaciones y equipamiento de escuelas.<\/p>\n\n\n\n<p>Sin la presencia del Comit\u00e9 Ejecutivo Seccional, alrededor de mil docentes se concentraron esta ma\u00f1ana a un costado de la antigua sede del IEEPO, carretera al Istmo, jurisdicci\u00f3n de Santa Luc\u00eda del Camino, para salir en marcha hacia el centro de la capital.<\/p>\n\n\n\n<p>Sin embargo, una hora despu\u00e9s sus dirigentes determinaron que se cancela la marcha y cada quien se ir\u00eda por sus propios medios a realizar tres bloqueos carreteros.<\/p>\n\n\n\n<p>Un contingente s\u00ed march\u00f3 hacia el monumento a don Benito Ju\u00e1rez, cruce de la carretera al Istmo y la Cuenca, donde permaneci\u00f3 hasta las 19:00 horas.<\/p>\n\n\n\n<p>Otros grupos, algunos en marcha, arribaron alrededor de las 11:00 horas en la calzada H\u00e9roes de Chapultepec y bloquearon el cruce con Porfirio D\u00edaz y con Emilio Carranza, este \u00faltimo a un costado de la terminal de autobuses ADO.<\/p>\n\n\n\n<p>Fue dos horas m\u00e1s tarde en que una representaci\u00f3n de los inconformes fue recibida por funcionarios de menor rango del gobierno estatal y del IEEPO, pero hasta el momento no ha habido respuesta.<\/p>\n\n\n\n<p>Alrededor de las 19:30 horas marcharon los \u00faltimos manifestantes hacia el z\u00f3calo donde permanecen, en espera de resultados positivos a sus demandas.<\/p>\n\n\n\n<p>En toda la jornada de lucha de este lunes no estuvo presente ning\u00fan integrante de la dirigencia de la Secci\u00f3n 22, que encabeza Yenny Aracely P\u00e9rez Mart\u00ednez, como tampoco en las negociaciones.<\/p>\n\n\n\n<p>No obstante, hoy mismo comenz\u00f3 a circular una convocatoria para dos d\u00edas de paro de labores, jueves y viernes, ahora s\u00ed firmado por la secretaria General y el secretario de Organizaci\u00f3n del gremio.<\/p>\n\n\n\n<p>En Oaxaca prev\u00e9n la \u201ctoma\u201d de casetas de peaje y sede de dependencias federales, mientras que en la Ciudad de M\u00e9xico se apoderan de la C\u00e1mara de Diputados federal.<\/p>\n\n\n\n<p>Los motivos son el rechazo a la iniciativa de la Presidenta Claudia Sheinbaum presentada para reformar la ley del ISSSTE; as\u00ed mismo, la entrega inmediata de uniformes y \u00fatiles escolares.<\/p>\n","protected":false},"excerpt":{"rendered":"<p>Ismael Garc\u00eda M.\/Zona Roja. Oaxaca de Ju\u00e1rez, Oax., a 24 de febrero de 2024.- Luego&hellip;<\/p>\n","protected":false},"author":2,"featured_media":77837,"comment_status":"closed","ping_status":"open","sticky":false,"template":"","format":"standard","meta":{"_lmt_disableupdate":"","_lmt_disable":"","_jetpack_memberships_contains_paid_content":false,"footnotes":""},"categories":[109,47],"tags":[312],"class_list":["post-77836","post","type-post","status-publish","format-standard","has-post-thumbnail","hentry","category-minuto-a-minuto","category-zona-gris","tag-seccion-22-del-snte"],"jetpack_featured_media_url":"https:\/\/zonaroja.com.mx\/wp-content\/uploads\/2025\/02\/Protesta-Seccion-22-Indigenas-Oaxaca.jpg","jetpack_sharing_enabled":true,"_links":{"self":[{"href":"https:\/\/zonaroja.com.mx\/index.php?rest_route=\/wp\/v2\/posts\/77836","targetHints":{"allow":["GET"]}}],"collection":[{"href":"https:\/\/zonaroja.com.mx\/index.php?rest_route=\/wp\/v2\/posts"}],"about":[{"href":"https:\/\/zonaroja.com.mx\/index.php?rest_route=\/wp\/v2\/types\/post"}],"author":[{"embeddable":true,"href":"https:\/\/zonaroja.com.mx\/index.php?rest_route=\/wp\/v2\/users\/2"}],"replies":[{"embeddable":true,"href":"https:\/\/zonaroja.com.mx\/index.php?rest_route=%2Fwp%2Fv2%2Fcomments&post=77836"}],"version-history":[{"count":1,"href":"https:\/\/zonaroja.com.mx\/index.php?rest_route=\/wp\/v2\/posts\/77836\/revisions"}],"predecessor-version":[{"id":77838,"href":"https:\/\/zonaroja.com.mx\/index.php?rest_route=\/wp\/v2\/posts\/77836\/revisions\/77838"}],"wp:featuredmedia":[{"embeddable":true,"href":"https:\/\/zonaroja.com.mx\/index.php?rest_route=\/wp\/v2\/media\/77837"}],"wp:attachment":[{"href":"https:\/\/zonaroja.com.mx\/index.php?rest_route=%2Fwp%2Fv2%2Fmedia&parent=77836"}],"wp:term":[{"taxonomy":"category","embeddable":true,"href":"https:\/\/zonaroja.com.mx\/index.php?rest_route=%2Fwp%2Fv2%2Fcategories&post=77836"},{"taxonomy":"post_tag","embeddable":true,"href":"https:\/\/zonaroja.com.mx\/index.php?rest_route=%2Fwp%2Fv2%2Ftags&post=77836"}],"curies":[{"name":"wp","href":"https:\/\/api.w.org\/{rel}","templated":true}]}}