{"id":77839,"date":"2025-02-24T22:25:55","date_gmt":"2025-02-25T04:25:55","guid":{"rendered":"https:\/\/zonaroja.com.mx\/?p=77839"},"modified":"2025-02-24T22:25:57","modified_gmt":"2025-02-25T04:25:57","slug":"anuncian-a-ganador-de-imagen-para-los-martes-de-brujas","status":"publish","type":"post","link":"https:\/\/zonaroja.com.mx\/?p=77839","title":{"rendered":"Anuncian a ganador de imagen para los \u201cMartes de Brujas\u201d"},"content":{"rendered":"\n<p>Redacci\u00f3n\/Zona Roja.<\/p>\n\n\n\n<p>Oaxaca de Ju\u00e1rez, Oax., a 24 de febrero de 2025.- Pedro Efr\u00e9n Jarqu\u00edn Rojas result\u00f3 ganador del primer lugar del concurso para la imagen de los \u201cMartes de Brujas\u201d en Santa Cruz Xoxocotl\u00e1n.<\/p>\n\n\n\n<p>Este lunes en conferencia de prensa, la presidenta municipal Nancy Ben\u00edtez Z\u00e1rate dio a conocer a quienes ocuparon los primeros lugares, as\u00ed como el calendario de las festividades, que inician el 11 de marzo.<\/p>\n\n\n\n<p>Acompa\u00f1ada de la subsecretaria de Operaci\u00f3n Tur\u00edstica de la Secretar\u00eda de Turismo Estatal, Mariel L\u00f3pez Villatoro e integrantes de su Cabildo, destac\u00f3 la imagen oficial de esta festividad tan emblem\u00e1tica para el municipio.<\/p>\n\n\n\n<p>La obra, seleccionada entre 45 participantes, evoca la tradici\u00f3n del \u201cMartes de Brujas\u201d y la construcci\u00f3n de la capilla. Por un lado, incorpora el arte prehisp\u00e1nico de Monte Alb\u00e1n, mientras que, por el otro, representa la iglesia a trav\u00e9s de la figura del cura.&nbsp;<\/p>\n\n\n\n<p>En el centro, se encuentran las tamaleras, simbolizando un elemento clave de esta celebraci\u00f3n, seg\u00fan describe su autor.<\/p>\n\n\n\n<p>EL PROGRAMA<\/p>\n\n\n\n<p>La fiesta cultural e hist\u00f3rico de la comunidad xoxe\u00f1a inicia el pr\u00f3ximo 11 de marzo para concluir el 15 de abril.&nbsp;<\/p>\n\n\n\n<p>Para abrir la variada cartelera de personalidades el primer \u201cMartes de Brujas\u201d se presentar\u00e1 la cantante Eugenia Le\u00f3n, conocida por su calidad vocal y fuerza interpretativa; con su caracter\u00edstico estilo art\u00edstico y variado repertorio al interpretar g\u00e9neros como el tango, la balada, el bolero, la canci\u00f3n ranchera, entre otros.&nbsp;<\/p>\n\n\n\n<p>En tanto, para el 18 de marzo al ritmo de la cumbia mexicana se presentar\u00e1 el grupo \u201cYaguar\u00fa\u201d; mientras que, para el 25 de marzo, Jorge Mu\u00f1iz y Carlos Cuevas har\u00e1n de la noche una velada m\u00e1gica con sus baladas rom\u00e1nticas.&nbsp;<\/p>\n\n\n\n<p>El 1 de abril una particular mezcla de m\u00fasica colombiana, baile y romanticismo pondr\u00e1 sabor en el cuarto \u201cMartes de Brujas\u201d con la presentaci\u00f3n de Aar\u00f3n y su grupo \u201cIlusi\u00f3n\u201d; para el 8 d abril, Reyli Barba deleitar\u00e1 al p\u00fablico con baladas conmovedoras y rom\u00e1nticas.&nbsp;<\/p>\n\n\n\n<p>Y para cerrar con broche de oro los seis Martes de Brujas, el 15 de abril se presentar\u00e1 un artista sorpresa, cuya identidad se revelar\u00e1 pr\u00f3ximamente, prometiendo una noche llena de m\u00fasica y emoci\u00f3n para todos los asistentes.<\/p>\n\n\n\n<figure class=\"wp-block-embed is-type-rich is-provider-twitter wp-block-embed-twitter\"><div class=\"wp-block-embed__wrapper\">\n<div class=\"twitter-tweet\"><blockquote class=\"twitter-tweet\" data-lang=\"es\"><p lang=\"es\" dir=\"ltr\">La presidenta municipal de Santa Cruz Xoxocotl\u00e1n, <a href=\"https:\/\/twitter.com\/Nancy_Benitez_?ref_src=twsrc%5Etfw\">@Nancy_Benitez_<\/a>, dio a conocer los primeros seis lugares del concurso para la imagen de la festividad tradicional \u201cMartes de Brujas\u201d.<br><br>El primer lugar fue para Pedro Efr\u00e9n Jarqu\u00edn Rojas. <a href=\"https:\/\/t.co\/YoxppEYSJP\">pic.twitter.com\/YoxppEYSJP<\/a><\/p>&mdash; Zona Roja Oaxaca (@ZonaRoja_Oaxaca) <a href=\"https:\/\/twitter.com\/ZonaRoja_Oaxaca\/status\/1894122597987889591?ref_src=twsrc%5Etfw\">24 de febrero de 2025<\/a><\/blockquote><\/div>\n<\/div><\/figure>\n\n\n\n<p>EL GALARDONADO<\/p>\n\n\n\n<p>Efr\u00e9n Jarqu\u00edn ha caminado por las calles de Santa Cruz Xoxocotl\u00e1n desde que ten\u00eda cinco a\u00f1os. Entre sus recuerdos de infancia, siempre estuvo presente la magia del Martes de Brujas: el aroma de los tamales, la m\u00fasica, las historias de anta\u00f1o y la gente del pueblo reunidos en la capilla.<\/p>\n\n\n\n<p>Su pasi\u00f3n por el arte comenz\u00f3 en los muros, en el grafiti que lo llev\u00f3 a descubrir su voz creativa en la pintura. Con el tiempo, perfeccion\u00f3 su t\u00e9cnica en la Escuela de Bellas Artes de Oaxaca y se convirti\u00f3 en un artista con una profunda cr\u00edtica social, explorando el dibujo, la acuarela, el acr\u00edlico y las t\u00e9cnicas mixtas.&nbsp;<\/p>\n\n\n\n<p>Su trayectoria lo ha llevado a participar en festivales nacionales y a formar parte del equipo del maestro, Francisco Toledo, en el Instituto de Artes Gr\u00e1ficas de Oaxaca.<\/p>\n\n\n\n<p>Este a\u00f1o, su talento y amor por la tradici\u00f3n lo llevaron a obtener el primer lugar en el concurso para la imagen oficial del Martes de Brujas 2025 con su obra \u00abBrujas, tradici\u00f3n que perdura\u00bb.<\/p>\n\n\n\n<p>\u00abPara m\u00ed, el Martes de Brujas es m\u00e1s que una festividad, es historia, es comunidad\u00bb, expres\u00f3 Jor\u00e9l con emoci\u00f3n. Su obra refleja precisamente esa conexi\u00f3n entre el pasado y el presente. De un lado, se alzan los vestigios prehisp\u00e1nicos de Monte Alb\u00e1n, evocando la grandeza zapoteca; del otro, la iglesia con la figura de un cura, representando la influencia religiosa que dio origen a la celebraci\u00f3n.<\/p>\n\n\n\n<p>Al centro, las tamaleras, con sus rostros llenos de vida y manos laboriosas, sostienen la esencia del Martes de Brujas: el compartir, la calidez, la tradici\u00f3n que perdura.<\/p>\n\n\n\n<p>\u00abCada a\u00f1o participo en este concurso, pero la verdad no pens\u00e9 que esta vez ganar\u00eda. Hab\u00eda trabajos incre\u00edbles de otros compa\u00f1eros\u00bb, confes\u00f3 Jor\u00e9l.&nbsp;<\/p>\n\n\n\n<p>El Martes de Brujas 2025 ser\u00e1 una celebraci\u00f3n inolvidable, y con la obra de Jor\u00e9l como imagen oficial, el pueblo de Santa Cruz Xoxocotl\u00e1n reitera su compromiso con la preservaci\u00f3n de su identidad, \u00abLos invito a que visiten el Martes de Brujas, que lo disfruten, que lo vivan. Es una gran tradici\u00f3n y vale la pena conocerla\u00bb, concluy\u00f3 el artista.<\/p>\n\n\n\n<figure class=\"wp-block-embed is-type-rich is-provider-twitter wp-block-embed-twitter\"><div class=\"wp-block-embed__wrapper\">\n<div class=\"twitter-tweet\"><blockquote class=\"twitter-tweet\" data-lang=\"es\"><p lang=\"es\" dir=\"ltr\">\u00bfQu\u00e9 son los \u201cMartes de Brujas\u201d? \u00bfC\u00f3mo y cu\u00e1ndo se celebran en Santa Cruz Xoxocotl\u00e1n?<br><br>Estos antecedentes dio la presidenta municipal <a href=\"https:\/\/twitter.com\/Nancy_Benitez_?ref_src=twsrc%5Etfw\">@Nancy_Benitez_<\/a>.<br><br>En la conferencia de prensa de hoy estuvo la subsecretaria de la <a href=\"https:\/\/twitter.com\/SecturOaxaca?ref_src=twsrc%5Etfw\">@SecturOaxaca<\/a>, Mariel L\u00f3pez, en representaci\u00f3n de la titular\u2026 <a href=\"https:\/\/t.co\/WlaeTA4kQU\">pic.twitter.com\/WlaeTA4kQU<\/a><\/p>&mdash; Zona Roja Oaxaca (@ZonaRoja_Oaxaca) <a href=\"https:\/\/twitter.com\/ZonaRoja_Oaxaca\/status\/1894147332385771629?ref_src=twsrc%5Etfw\">24 de febrero de 2025<\/a><\/blockquote><\/div>\n<\/div><\/figure>\n","protected":false},"excerpt":{"rendered":"<p>Redacci\u00f3n\/Zona Roja. Oaxaca de Ju\u00e1rez, Oax., a 24 de febrero de 2025.- Pedro Efr\u00e9n Jarqu\u00edn&hellip;<\/p>\n","protected":false},"author":2,"featured_media":77840,"comment_status":"closed","ping_status":"open","sticky":false,"template":"","format":"standard","meta":{"_lmt_disableupdate":"","_lmt_disable":"","_jetpack_memberships_contains_paid_content":false,"footnotes":""},"categories":[109,46],"tags":[133],"class_list":["post-77839","post","type-post","status-publish","format-standard","has-post-thumbnail","hentry","category-minuto-a-minuto","category-zona-blanca","tag-santa-cruz-xoxocotlan"],"jetpack_featured_media_url":"https:\/\/zonaroja.com.mx\/wp-content\/uploads\/2025\/02\/Imagen-oficial-Martes-de-brujas-2.jpeg","jetpack_sharing_enabled":true,"_links":{"self":[{"href":"https:\/\/zonaroja.com.mx\/index.php?rest_route=\/wp\/v2\/posts\/77839","targetHints":{"allow":["GET"]}}],"collection":[{"href":"https:\/\/zonaroja.com.mx\/index.php?rest_route=\/wp\/v2\/posts"}],"about":[{"href":"https:\/\/zonaroja.com.mx\/index.php?rest_route=\/wp\/v2\/types\/post"}],"author":[{"embeddable":true,"href":"https:\/\/zonaroja.com.mx\/index.php?rest_route=\/wp\/v2\/users\/2"}],"replies":[{"embeddable":true,"href":"https:\/\/zonaroja.com.mx\/index.php?rest_route=%2Fwp%2Fv2%2Fcomments&post=77839"}],"version-history":[{"count":1,"href":"https:\/\/zonaroja.com.mx\/index.php?rest_route=\/wp\/v2\/posts\/77839\/revisions"}],"predecessor-version":[{"id":77841,"href":"https:\/\/zonaroja.com.mx\/index.php?rest_route=\/wp\/v2\/posts\/77839\/revisions\/77841"}],"wp:featuredmedia":[{"embeddable":true,"href":"https:\/\/zonaroja.com.mx\/index.php?rest_route=\/wp\/v2\/media\/77840"}],"wp:attachment":[{"href":"https:\/\/zonaroja.com.mx\/index.php?rest_route=%2Fwp%2Fv2%2Fmedia&parent=77839"}],"wp:term":[{"taxonomy":"category","embeddable":true,"href":"https:\/\/zonaroja.com.mx\/index.php?rest_route=%2Fwp%2Fv2%2Fcategories&post=77839"},{"taxonomy":"post_tag","embeddable":true,"href":"https:\/\/zonaroja.com.mx\/index.php?rest_route=%2Fwp%2Fv2%2Ftags&post=77839"}],"curies":[{"name":"wp","href":"https:\/\/api.w.org\/{rel}","templated":true}]}}