{"id":77842,"date":"2025-02-25T06:38:03","date_gmt":"2025-02-25T12:38:03","guid":{"rendered":"https:\/\/zonaroja.com.mx\/?p=77842"},"modified":"2025-02-25T06:38:05","modified_gmt":"2025-02-25T12:38:05","slug":"dejo-murat-6-mil-mpp-sin-comprobar-busca-acuerdo-en-lo-oscurito-jara","status":"publish","type":"post","link":"https:\/\/zonaroja.com.mx\/?p=77842","title":{"rendered":"Dej\u00f3 Murat 6 mil mpp sin comprobar; busca acuerdo \u201cen lo oscurito\u201d: Jara"},"content":{"rendered":"\n<p>Redacci\u00f3n\/Zona Roja Cdmx.<\/p>\n\n\n\n<p>Ciudad de M\u00e9xico, a 25 de febrero de 2025.- El gobernador de Oaxaca, Salom\u00f3n Jara Cruz, acus\u00f3 que durante la administraci\u00f3n de su antecesor, Alejandro Murat Hinojosa, la Auditor\u00eda Superior de la Federaci\u00f3n detect\u00f3 irregularidades por 15 mil 885 millones de pesos, de los cuales no aclar\u00f3 cerca de seis mil millones.<\/p>\n\n\n\n<p>En conferencia de prensa, Salom\u00f3n Jara apunt\u00f3: \u201cEllos, a seis a\u00f1os de haber iniciado su gobierno, todav\u00eda no solventaron lo que se les observ\u00f3 por parte de la Auditor\u00eda Superior de la Federaci\u00f3n, y eso no lo dicen nuestros detractores\u201d.<\/p>\n\n\n\n<p>Mencion\u00f3 tambi\u00e9n que los exgobernadores Jos\u00e9 Murat Casab y Alejandro Murat Hinojosa \u201cbuscan acuerdos en lo oscurito\u201d con su administraci\u00f3n, pero advirti\u00f3 que \u201cnosotros no vamos a acordar con nadie\u201d.<\/p>\n\n\n\n<p>Enfatiz\u00f3: \u201cEst\u00e1n enojados porque ya se les acab\u00f3 el negocio y los privilegios, y si supieran lo que la gente piensa y dice de ellos, no ser\u00edan tan c\u00ednicos, no se pasear\u00edan tranquilos, viven en una burbuja, si no ayudaron aqu\u00ed, qu\u00e9 nos van a ayudar en el pa\u00eds\u201d.<\/p>\n\n\n\n<p>Jara Cruz asever\u00f3 que su gobierno no ha incurrido en corrupci\u00f3n, ni moches, ni subejercicio, como s\u00ed lo hizo Alejandro Murat, quien en el primer a\u00f1o de su administraci\u00f3n dej\u00f3 \u201cun subejercicio y una recaudaci\u00f3n fiscal terrible, y eso no lo dicen, porque ten\u00edan sus cajas chicas\u201d.<\/p>\n\n\n\n<p>Agreg\u00f3 que durante su administraci\u00f3n se han invertido cinco mil millones de pesos en programas sociales, mientras que en la que lo antecedi\u00f3 no se impuls\u00f3 ninguna pol\u00edtica p\u00fablica para ayudar a los m\u00e1s necesitados.<\/p>\n\n\n\n<p>\u201c\u00bfQu\u00e9 programas sociales tuvo la administraci\u00f3n pasada, o cu\u00e1les tuvo Jos\u00e9 Murat? Ninguno. Por eso est\u00e1n enojados con nosotros, por eso nos atacan un d\u00eda s\u00ed y el otro tambi\u00e9n\u201d, expres\u00f3.<\/p>\n\n\n\n<p>E insisti\u00f3: \u201cNada m\u00e1s preg\u00fantense cu\u00e1ntos municipios visit\u00f3 el gobierno de los Murat; y cuando los visitaban iban a Tlacolula, se iban en helic\u00f3ptero, y como no conoc\u00edan, hasta de la manita se los llevaban; aqu\u00ed, a 30 minutos, se iban en helic\u00f3ptero, nosotros recorremos el estado en carretera\u201d.<\/p>\n\n\n\n<p>Las declaraciones del gobernador de Oaxaca se dieron un d\u00eda despu\u00e9s de que el senador Alejandro Murat dijera que en Morena lo tratan \u201cde poca madre\u201d, y pidiera que, \u201caquellos que tengan la piel delgada\u201d, mejor se hagan a un lado.<\/p>\n\n\n\n<p>Ayer, Salom\u00f3n Jara afirm\u00f3 que no se puede aceptar que se afilie a Morena alguien que tiene una pr\u00e1ctica incorrecta, eso, dijo, es algo que no es bueno para el movimiento.<\/p>\n\n\n\n<p>\u201cCreemos y sigo pensando en una parte importante del expresidente Andr\u00e9s Manuel L\u00f3pez Obrador, quien en una ocasi\u00f3n lo coment\u00f3 y lo propuso: que todo aquel que se quisiera afiliar a Morena pasara a trav\u00e9s de un taller de formaci\u00f3n pol\u00edtica en el Instituto Nacional de Formaci\u00f3n Pol\u00edtica, que todav\u00eda dirige El Fisg\u00f3n, Rafael Barajas. Yo me reafili\u00e9, pero s\u00ed pas\u00e9 por eso\u201d, coment\u00f3.<\/p>\n\n\n\n<p>(Informaci\u00f3n de \u201cLa Raz\u00f3n\u201d)<\/p>\n","protected":false},"excerpt":{"rendered":"<p>Redacci\u00f3n\/Zona Roja Cdmx. Ciudad de M\u00e9xico, a 25 de febrero de 2025.- El gobernador de&hellip;<\/p>\n","protected":false},"author":2,"featured_media":77843,"comment_status":"closed","ping_status":"open","sticky":false,"template":"","format":"standard","meta":{"_lmt_disableupdate":"","_lmt_disable":"","_jetpack_memberships_contains_paid_content":false,"footnotes":""},"categories":[109,46],"tags":[102,939],"class_list":["post-77842","post","type-post","status-publish","format-standard","has-post-thumbnail","hentry","category-minuto-a-minuto","category-zona-blanca","tag-alejandro-murat","tag-salomon-jara-cruz"],"jetpack_featured_media_url":"https:\/\/zonaroja.com.mx\/wp-content\/uploads\/2025\/02\/Gobierno-de-Salomon-Jara-fortalece-finanzas-publicas-sin-endeudar-al-Estado-3.jpg","jetpack_sharing_enabled":true,"_links":{"self":[{"href":"https:\/\/zonaroja.com.mx\/index.php?rest_route=\/wp\/v2\/posts\/77842","targetHints":{"allow":["GET"]}}],"collection":[{"href":"https:\/\/zonaroja.com.mx\/index.php?rest_route=\/wp\/v2\/posts"}],"about":[{"href":"https:\/\/zonaroja.com.mx\/index.php?rest_route=\/wp\/v2\/types\/post"}],"author":[{"embeddable":true,"href":"https:\/\/zonaroja.com.mx\/index.php?rest_route=\/wp\/v2\/users\/2"}],"replies":[{"embeddable":true,"href":"https:\/\/zonaroja.com.mx\/index.php?rest_route=%2Fwp%2Fv2%2Fcomments&post=77842"}],"version-history":[{"count":1,"href":"https:\/\/zonaroja.com.mx\/index.php?rest_route=\/wp\/v2\/posts\/77842\/revisions"}],"predecessor-version":[{"id":77844,"href":"https:\/\/zonaroja.com.mx\/index.php?rest_route=\/wp\/v2\/posts\/77842\/revisions\/77844"}],"wp:featuredmedia":[{"embeddable":true,"href":"https:\/\/zonaroja.com.mx\/index.php?rest_route=\/wp\/v2\/media\/77843"}],"wp:attachment":[{"href":"https:\/\/zonaroja.com.mx\/index.php?rest_route=%2Fwp%2Fv2%2Fmedia&parent=77842"}],"wp:term":[{"taxonomy":"category","embeddable":true,"href":"https:\/\/zonaroja.com.mx\/index.php?rest_route=%2Fwp%2Fv2%2Fcategories&post=77842"},{"taxonomy":"post_tag","embeddable":true,"href":"https:\/\/zonaroja.com.mx\/index.php?rest_route=%2Fwp%2Fv2%2Ftags&post=77842"}],"curies":[{"name":"wp","href":"https:\/\/api.w.org\/{rel}","templated":true}]}}