{"id":77845,"date":"2025-02-25T08:15:00","date_gmt":"2025-02-25T14:15:00","guid":{"rendered":"https:\/\/zonaroja.com.mx\/?p=77845"},"modified":"2025-02-25T06:48:38","modified_gmt":"2025-02-25T12:48:38","slug":"opinion-dia-de-la-bandera-no-sabemos-nada-de-ella","status":"publish","type":"post","link":"https:\/\/zonaroja.com.mx\/?p=77845","title":{"rendered":"Opini\u00f3n. D\u00eda de la Bandera: no sabemos nada de ella"},"content":{"rendered":"\n<p>Adri\u00e1n Ortiz Romero Cuevas*<\/p>\n\n\n\n<p>La celebraci\u00f3n del D\u00eda de la Bandera, que ocurre cada 24 de febrero, no evoca en s\u00ed misma a nuestro l\u00e1baro patrio. Es la conmemoraci\u00f3n que tambi\u00e9n simboliza la m\u00e1s importante declaraci\u00f3n de independencia de M\u00e9xico respecto de Espa\u00f1a, ocurrida en esa fecha, pero de 1821.&nbsp;<\/p>\n\n\n\n<p>En la poblaci\u00f3n de Iguala, en el actual estado de Guerrero, Agust\u00edn de Iturbide y Vicente Guerrero proclamaron el Plan de Iguala, en el que declararon la independencia del pa\u00eds, y establecieron diversos principios que fueron determinantes para la emancipaci\u00f3n del pa\u00eds y la posterior construcci\u00f3n de M\u00e9xico.&nbsp;<\/p>\n\n\n\n<p>En efecto, el Plan de Iguala establec\u00eda una serie de criterios pol\u00edticos y de organizaci\u00f3n del poder, regidos en tres pilares que eran considerados como fundamentales para la existencia de la naci\u00f3n mexicana.&nbsp;<\/p>\n\n\n\n<p>Dicho plan, establec\u00eda la emancipaci\u00f3n de M\u00e9xico, y el establecimiento de una monarqu\u00eda constitucional, que habr\u00eda de ser ofrecida al Rey Fernando VII o a alg\u00fan otro monarca europeo (porque hasta entonces se pensaba en una separaci\u00f3n, pero no en la modificaci\u00f3n del esquema de gobierno que hab\u00eda regido a la Nueva Espa\u00f1a durante los \u00faltimos tres siglos); entre sus postulados dictaba&nbsp;&nbsp;la eliminaci\u00f3n de las distinciones raciales, proclamaba ciertas libertades y derechos de las personas hasta entonces no reconocidos.&nbsp;<\/p>\n\n\n\n<p>Y erig\u00eda como sus principios fundamentales el establecimiento de la Independencia de Espa\u00f1a, el catolicismo como religi\u00f3n \u00fanica y la uni\u00f3n de todas las regiones, grupos sociales e intereses, en la naci\u00f3n mexicana.<\/p>\n\n\n\n<p>Estos tres principios, son los que dieron origen al Ej\u00e9rcito de las Tres Garant\u00edas; fue llamado as\u00ed, porque exist\u00eda la seguridad de que respetando esas tres bases (independencia, religi\u00f3n y uni\u00f3n) habr\u00eda posibilidades plenas de alcanzar la independencia y consolidar una nueva naci\u00f3n, unida e identificada por rasgos comunes.&nbsp;<\/p>\n\n\n\n<p>Dicho Ej\u00e9rcito (que conjuntaba a fuerzas e intereses tan importantes como los representados por Guerrero e Iturbide) ser\u00eda el encargado de proteger y establecer un Estado cimentado en las tres garant\u00edas.&nbsp;<\/p>\n\n\n\n<p>Y como s\u00edmbolo se confeccion\u00f3, ah\u00ed mismo en Iguala, una bandera con los colores verde, blanco y rojo, enmarcadas por el escudo de un \u00e1guila coronada devorando a una serpiente, que dar\u00eda identidad a la empresa independentista y se convertir\u00eda en un s\u00edmbolo perdurable para todos los mexicanos.<\/p>\n\n\n\n<p>Por ello, est\u00e1n \u2014por decir lo menos\u2014 equivocados quienes, en casa y en las escuelas, aseguran que los colores de la Bandera nacional representan \u201cla esperanza (verde), la unidad (blanco) y la sangre derramada por los h\u00e9roes (rojo)\u201d; en realidad, la bandera nacional, tiene como significaci\u00f3n la independencia, la religi\u00f3n y la uni\u00f3n, que desde el primer momento le dieron origen y cuyo significado no ha cambiado, ni tendr\u00eda por qu\u00e9 hacerlo.<\/p>\n\n\n\n<p>Esta parece una peque\u00f1a historia, propia de un libro de texto de la educaci\u00f3n primaria. Sin embargo, cobra relevancia ante las efervescencias patri\u00f3ticas \u2014patrioteras\u2014 de querer envolverse en el l\u00e1baro patrio para inmolarse frente al extra\u00f1o enemigo extranjero, que por la raz\u00f3n que sea se atreve a criticar alguno de los muchos retos, calamidades y problemas que enfrenta M\u00e9xico. Vale al menos la pena saber qu\u00e9 representa en realidad nuestra bandera nacional; cu\u00e1l su origen y hacia d\u00f3nde apunta su verdadera trascendencia hist\u00f3rica.\u00a0<\/p>\n\n\n\n<p>*Abogado y periodista.<\/p>\n\n\n\n<p>@ortizromeroc<\/p>\n\n\n\n<p>@columnaalmargen<\/p>\n\n\n\n<p>Nos leemos en http:\/\/columnaalmargen.mx<\/p>\n","protected":false},"excerpt":{"rendered":"<p>Adri\u00e1n Ortiz Romero Cuevas* La celebraci\u00f3n del D\u00eda de la Bandera, que ocurre cada 24&hellip;<\/p>\n","protected":false},"author":2,"featured_media":67896,"comment_status":"closed","ping_status":"open","sticky":false,"template":"","format":"standard","meta":{"_lmt_disableupdate":"","_lmt_disable":"","_jetpack_memberships_contains_paid_content":false,"footnotes":""},"categories":[456,109],"tags":[2994],"class_list":["post-77845","post","type-post","status-publish","format-standard","has-post-thumbnail","hentry","category-columna","category-minuto-a-minuto","tag-adrian-ortiz-romero-cuevas"],"jetpack_featured_media_url":"https:\/\/zonaroja.com.mx\/wp-content\/uploads\/2024\/05\/Opinion-Adrian-Ortiz-Romero-Zona-Roja.jpeg","jetpack_sharing_enabled":true,"_links":{"self":[{"href":"https:\/\/zonaroja.com.mx\/index.php?rest_route=\/wp\/v2\/posts\/77845","targetHints":{"allow":["GET"]}}],"collection":[{"href":"https:\/\/zonaroja.com.mx\/index.php?rest_route=\/wp\/v2\/posts"}],"about":[{"href":"https:\/\/zonaroja.com.mx\/index.php?rest_route=\/wp\/v2\/types\/post"}],"author":[{"embeddable":true,"href":"https:\/\/zonaroja.com.mx\/index.php?rest_route=\/wp\/v2\/users\/2"}],"replies":[{"embeddable":true,"href":"https:\/\/zonaroja.com.mx\/index.php?rest_route=%2Fwp%2Fv2%2Fcomments&post=77845"}],"version-history":[{"count":1,"href":"https:\/\/zonaroja.com.mx\/index.php?rest_route=\/wp\/v2\/posts\/77845\/revisions"}],"predecessor-version":[{"id":77846,"href":"https:\/\/zonaroja.com.mx\/index.php?rest_route=\/wp\/v2\/posts\/77845\/revisions\/77846"}],"wp:featuredmedia":[{"embeddable":true,"href":"https:\/\/zonaroja.com.mx\/index.php?rest_route=\/wp\/v2\/media\/67896"}],"wp:attachment":[{"href":"https:\/\/zonaroja.com.mx\/index.php?rest_route=%2Fwp%2Fv2%2Fmedia&parent=77845"}],"wp:term":[{"taxonomy":"category","embeddable":true,"href":"https:\/\/zonaroja.com.mx\/index.php?rest_route=%2Fwp%2Fv2%2Fcategories&post=77845"},{"taxonomy":"post_tag","embeddable":true,"href":"https:\/\/zonaroja.com.mx\/index.php?rest_route=%2Fwp%2Fv2%2Ftags&post=77845"}],"curies":[{"name":"wp","href":"https:\/\/api.w.org\/{rel}","templated":true}]}}