{"id":77847,"date":"2025-02-25T09:15:00","date_gmt":"2025-02-25T15:15:00","guid":{"rendered":"https:\/\/zonaroja.com.mx\/?p=77847"},"modified":"2025-02-25T06:52:58","modified_gmt":"2025-02-25T12:52:58","slug":"fotografias-reavivan-debate-sobre-ligas-de-morena-con-abogado-de-narco","status":"publish","type":"post","link":"https:\/\/zonaroja.com.mx\/?p=77847","title":{"rendered":"Fotograf\u00edas reavivan debate sobre ligas de Morena con abogado de narco"},"content":{"rendered":"\n<p>Redacci\u00f3n\/Zona Roja Cdmx.<\/p>\n\n\n\n<p>Ciudad de M\u00e9xico, a 25 de febrero de 2025.- Morenistas y panistas se acusan mutuamente por el reconocimiento que se entreg\u00f3 en la C\u00e1mara de Diputados a Juan Pablo Penilla Rodr\u00edguez, abogado del narcotraficante mexicano Ismael \u00abEl Mayo\u00bb Zambada.<\/p>\n\n\n\n<p>En 2023, a Penilla Rodr\u00edguez se le nombr\u00f3 como \u00bbembajador internacional por la Paz\u00bb en el Sal\u00f3n de Legisladores de la C\u00e1mara baja, antes de que Zambada fuera detenido en Estados Unidos.<\/p>\n\n\n\n<p>El morenista Sergio Guti\u00e9rrez Luna present\u00f3 documentos en los que la exdiputada panista Mar\u00eda Teresa Castell lleva a cabo la solicitud del Sal\u00f3n para la entrega del galard\u00f3n.<\/p>\n\n\n\n<p>Castell, sin embargo, asegur\u00f3 que pidi\u00f3 el recinto para ayudar a uno de sus asesores&#8230;<\/p>\n\n\n\n<p>\u201cCentremos la atenci\u00f3n y no dejemos que nos est\u00e9n envolviendo nuevamente en sus artima\u00f1as y mentiras, una servidora solamente promovi\u00f3 el espacio\u201d, respondi\u00f3 al se\u00f1alamiento.<\/p>\n\n\n\n<p>Aunque es el evento que ha llamado la atenci\u00f3n, no es el \u00fanico en el que el abogado estuvo en el Congreso.<\/p>\n\n\n\n<p>En diciembre de 2023, tambi\u00e9n fue reconocido en el Senado con el \u201cNacional Pro Humanitas 2023\u201d. El premio fue otorgado por la Fundaci\u00f3n Lex Pro Humanitas, organizaci\u00f3n enfocada en atender a v\u00edctimas de delitos graves y de violaci\u00f3n de derechos humanos.<\/p>\n\n\n\n<p>En noviembre 2024 nuevamente recibi\u00f3 otro reconocimiento, ahora fue el \u201cPremio Patria en Pro de la Salud, Justicia, Econom\u00eda y Bienestar\u201d. El evento se realiz\u00f3 en el Senado y fue encabezado por los senadores Juan Carlos Loera de la Rosa, de Morena, y Amalia Garc\u00eda, de Movimiento Ciudadano.<\/p>\n\n\n\n<p>X\u00f3chitl G\u00e1lvez, excandidata presidencial de la oposici\u00f3n, reclam\u00f3 que no se ha aclarado qui\u00e9n o qui\u00e9nes convocaron a dichos eventos en la C\u00e1mara alta.<\/p>\n\n\n\n<p>Ricardo Monreal, quien fue el l\u00edder de Morena en la C\u00e1mara de Senadores en la pasada Legislatura, dijo que no conoce a Penilla, quien estuvo presente en un evento junto a \u00e9l y el entonces presidente Andr\u00e9s Manuel L\u00f3pez Obrador, de acuerdo con im\u00e1genes que se han difundido en las \u00faltimas horas en redes sociales.<\/p>\n\n\n\n<p>Tras la difusi\u00f3n de una fotograf\u00eda suya con Juan Pablo Penilla, la presidenta Claudia Sheinbaum tambi\u00e9n afirm\u00f3 que no lo conoce y que esa imagen es solo una de las miles que se tom\u00f3 durante su campa\u00f1a a la Presidencia de la Rep\u00fablica.<\/p>\n\n\n\n<p>Al ser reconocido en la C\u00e1mara de Diputados en el 2023, Juan Pablo Penilla se\u00f1al\u00f3 que era necesario una reforma \u201cde gran calado\u201d al Poder Judicial y confi\u00f3 en el paquete de iniciativas que el entonces presiente Andr\u00e9s Manuel L\u00f3pez Obrador enviar\u00eda.<\/p>\n\n\n\n<p>\u201cEl presidente de M\u00e9xico tiene una clara vocaci\u00f3n y entrega en pro de la justicia mexicana\u201d, dijo el abogado en ese momento.<\/p>\n\n\n\n<p>LA CARTA<\/p>\n\n\n\n<p>Ismael \u201cEl Mayo\u201d Zambada, confundador del C\u00e1rtel de Sinaloa, envi\u00f3 una carta al gobierno de M\u00e9xico para pedir su repatriaci\u00f3n a este pa\u00eds y que se evite que Estados Unidos implemente la pena de muerte en su contra.<\/p>\n\n\n\n<p>En el documento se mencion\u00f3 a Juan Pablo Penilla y Juan Manuel Delgado Gonz\u00e1lez, a quien nombr\u00f3 como su \u201casesor jur\u00eddico\u201d en caso de que se realice su repatriaci\u00f3n a M\u00e9xico.<\/p>\n\n\n\n<p>La presidenta Claudia Sheinbaum inform\u00f3 la semana pasada que se revisar\u00e1 la petici\u00f3n por escrito que le hizo Ismael \u201cEl Mayo\u201d Zambada de ser repatriado a M\u00e9xico, porque \u00abm\u00e1s all\u00e1 de quien lo solicita\u00bb, dijo, debe cumplirse con los procedimientos que establece ley.<\/p>\n\n\n\n<p>Esto gener\u00f3 que pol\u00edticos de la oposici\u00f3n asegura que Juan Pablo Penilla estaba involucrado con Morena. Adem\u00e1s que empezaron a circular en redes sociales videos y fotos en los que se ven al abogado con integrantes del partido oficialista.<\/p>\n\n\n\n<p>Despu\u00e9s de ello, la dirigencia de Morena, encabezada por Luisa Mar\u00eda Alacalde, se deslind\u00f3 del abogado Juan Pablo Penilla y neg\u00f3 que \u00e9l haya participado como asesor legal en la campa\u00f1a de Morena en el proceso electoral 2024.<\/p>\n\n\n\n<p>(Informaci\u00f3n de \u201cExpansi\u00f3n Pol\u00edtica\u201d)<\/p>\n","protected":false},"excerpt":{"rendered":"<p>Redacci\u00f3n\/Zona Roja Cdmx. Ciudad de M\u00e9xico, a 25 de febrero de 2025.- Morenistas y panistas&hellip;<\/p>\n","protected":false},"author":2,"featured_media":77848,"comment_status":"closed","ping_status":"open","sticky":false,"template":"","format":"standard","meta":{"_lmt_disableupdate":"","_lmt_disable":"","_jetpack_memberships_contains_paid_content":false,"footnotes":""},"categories":[109,47],"tags":[4228],"class_list":["post-77847","post","type-post","status-publish","format-standard","has-post-thumbnail","hentry","category-minuto-a-minuto","category-zona-gris","tag-juan-pablo-penilla"],"jetpack_featured_media_url":"https:\/\/zonaroja.com.mx\/wp-content\/uploads\/2025\/02\/Claudia-Sheinbaum-y-Juan-Pablo-Penilla.webp","jetpack_sharing_enabled":true,"_links":{"self":[{"href":"https:\/\/zonaroja.com.mx\/index.php?rest_route=\/wp\/v2\/posts\/77847","targetHints":{"allow":["GET"]}}],"collection":[{"href":"https:\/\/zonaroja.com.mx\/index.php?rest_route=\/wp\/v2\/posts"}],"about":[{"href":"https:\/\/zonaroja.com.mx\/index.php?rest_route=\/wp\/v2\/types\/post"}],"author":[{"embeddable":true,"href":"https:\/\/zonaroja.com.mx\/index.php?rest_route=\/wp\/v2\/users\/2"}],"replies":[{"embeddable":true,"href":"https:\/\/zonaroja.com.mx\/index.php?rest_route=%2Fwp%2Fv2%2Fcomments&post=77847"}],"version-history":[{"count":1,"href":"https:\/\/zonaroja.com.mx\/index.php?rest_route=\/wp\/v2\/posts\/77847\/revisions"}],"predecessor-version":[{"id":77849,"href":"https:\/\/zonaroja.com.mx\/index.php?rest_route=\/wp\/v2\/posts\/77847\/revisions\/77849"}],"wp:featuredmedia":[{"embeddable":true,"href":"https:\/\/zonaroja.com.mx\/index.php?rest_route=\/wp\/v2\/media\/77848"}],"wp:attachment":[{"href":"https:\/\/zonaroja.com.mx\/index.php?rest_route=%2Fwp%2Fv2%2Fmedia&parent=77847"}],"wp:term":[{"taxonomy":"category","embeddable":true,"href":"https:\/\/zonaroja.com.mx\/index.php?rest_route=%2Fwp%2Fv2%2Fcategories&post=77847"},{"taxonomy":"post_tag","embeddable":true,"href":"https:\/\/zonaroja.com.mx\/index.php?rest_route=%2Fwp%2Fv2%2Ftags&post=77847"}],"curies":[{"name":"wp","href":"https:\/\/api.w.org\/{rel}","templated":true}]}}