{"id":77850,"date":"2025-02-25T09:53:00","date_gmt":"2025-02-25T15:53:00","guid":{"rendered":"https:\/\/zonaroja.com.mx\/?p=77850"},"modified":"2025-02-25T06:56:57","modified_gmt":"2025-02-25T12:56:57","slug":"sentencian-a-16-anos-de-prision-a-pederasta-de-huazolotitlan","status":"publish","type":"post","link":"https:\/\/zonaroja.com.mx\/?p=77850","title":{"rendered":"Sentencian a 16 a\u00f1os de prisi\u00f3n a pederasta de Huazolotitl\u00e1n"},"content":{"rendered":"\n<p>Redacci\u00f3n\/Zona Roja.<\/p>\n\n\n\n<p>Oaxaca de Ju\u00e1rez, Oax., a 25 de febrero de 2025.- La Fiscal\u00eda General del Estado de Oaxaca (FGEO) obtuvo una sentencia condenatoria de 16 a\u00f1os de prisi\u00f3n contra una persona del sexo masculino identificada como Ciro G.T., por el delito de pederastia cometido en la regi\u00f3n de la Costa.<\/p>\n\n\n\n<p>De acuerdo con el expediente penal, los hechos ocurrieron el 17 de marzo de 2024, cuando la v\u00edctima -una ni\u00f1a de 11 a\u00f1os de edad, cuya identidad est\u00e1 reservada por ley- se encontraba dormida en el interior de un domicilio ubicado en la comunidad Paso del Jiote perteneciente al municipio de Santa Mar\u00eda Huazolotitl\u00e1n en el distrito de Jamiltepec, lugar donde el imputado la atac\u00f3 y posteriormente la amenaz\u00f3.<\/p>\n\n\n\n<p>La FGEO tom\u00f3 conocimiento del caso gracias a la denuncia de los familiares, por lo que inici\u00f3 las investigaciones correspondientes a trav\u00e9s de la Vicefiscal\u00eda Regional de la Costa, las cuales permitieron aprehender al imputado y llevarlo ante el juez quien despu\u00e9s de evaluar los datos de prueba, inici\u00f3 los procesos penales logrando al fin, imponer una sentencia condenatoria de 16 a\u00f1os de prisi\u00f3n, as\u00ed como&nbsp; una multa econ\u00f3mica y el pago por concepto de reparaci\u00f3n del da\u00f1o en abstracto, luego de demostrar su responsabilidad en la comisi\u00f3n del delito de pederastia.<\/p>\n\n\n\n<p>La Fiscal\u00eda General del Estado de Oaxaca prioriza las investigaciones relacionadas con delitos cometidos contra las mujeres, ni\u00f1as y adolescentes, para presentar ante la justicia a los responsables a fin de garantizar el derecho a una vida libre de violencia.<\/p>\n\n\n\n<p>TENTATIVA DE HOMICIDIO<\/p>\n\n\n\n<p>En otro caso, la Fiscal\u00eda General solicit\u00f3 el auto de vinculaci\u00f3n a proceso en contra de una persona del sexo masculino identificado como C.O., imputado por el delito de Homicidio Calificado en grado de Tentativa en agravio de M.O.M., cometido en la regi\u00f3n de la Mixteca.<\/p>\n\n\n\n<p>De acuerdo con el expediente penal del caso, los hechos ocurrieron el 16 de febrero de 2025, en un domicilio de la poblaci\u00f3n de la Ci\u00e9nega perteneciente al municipio de San Juan Bautista Coixtlahuaca, lugar donde el imputado atac\u00f3 con disparos de arma de fuego a la v\u00edctima (su hijo) de iniciales M.O.M., caus\u00e1ndole lesiones que pusieron en peligro su vida.<\/p>\n\n\n\n<p>La investigaci\u00f3n detalla que, derivado de estos hechos, Agentes Estatales de Investigaci\u00f3n (AEI) acudieron al llamado de auxilio y procedieron a la detenci\u00f3n del hoy imputado a quien aseguraron un arma de fuego, por lo que C.O. fue puesto a disposici\u00f3n de la autoridad ministerial.<\/p>\n\n\n\n<p>Luego de la primera audiencia y, gracias a las investigaciones iniciales realizadas por la Fiscal\u00eda de Oaxaca, el Juez que atiende la causa determin\u00f3 como legal la detenci\u00f3n y comunic\u00f3 la imputaci\u00f3n, por lo que el Ministerio P\u00fablico solicit\u00f3 auto de vinculaci\u00f3n a proceso en contra de C.O.,&nbsp;que qued\u00f3 en prisi\u00f3n preventiva en tanto se resuelve su situaci\u00f3n legal.<\/p>\n","protected":false},"excerpt":{"rendered":"<p>Redacci\u00f3n\/Zona Roja. Oaxaca de Ju\u00e1rez, Oax., a 25 de febrero de 2025.- La Fiscal\u00eda General&hellip;<\/p>\n","protected":false},"author":2,"featured_media":77851,"comment_status":"closed","ping_status":"open","sticky":false,"template":"","format":"standard","meta":{"_lmt_disableupdate":"","_lmt_disable":"","_jetpack_memberships_contains_paid_content":false,"footnotes":""},"categories":[109,46],"tags":[494],"class_list":["post-77850","post","type-post","status-publish","format-standard","has-post-thumbnail","hentry","category-minuto-a-minuto","category-zona-blanca","tag-fiscalia-general-del-estado-de-oaxaca"],"jetpack_featured_media_url":"https:\/\/zonaroja.com.mx\/wp-content\/uploads\/2025\/02\/Pederasta-Huazolotitlan.jpeg","jetpack_sharing_enabled":true,"_links":{"self":[{"href":"https:\/\/zonaroja.com.mx\/index.php?rest_route=\/wp\/v2\/posts\/77850","targetHints":{"allow":["GET"]}}],"collection":[{"href":"https:\/\/zonaroja.com.mx\/index.php?rest_route=\/wp\/v2\/posts"}],"about":[{"href":"https:\/\/zonaroja.com.mx\/index.php?rest_route=\/wp\/v2\/types\/post"}],"author":[{"embeddable":true,"href":"https:\/\/zonaroja.com.mx\/index.php?rest_route=\/wp\/v2\/users\/2"}],"replies":[{"embeddable":true,"href":"https:\/\/zonaroja.com.mx\/index.php?rest_route=%2Fwp%2Fv2%2Fcomments&post=77850"}],"version-history":[{"count":1,"href":"https:\/\/zonaroja.com.mx\/index.php?rest_route=\/wp\/v2\/posts\/77850\/revisions"}],"predecessor-version":[{"id":77852,"href":"https:\/\/zonaroja.com.mx\/index.php?rest_route=\/wp\/v2\/posts\/77850\/revisions\/77852"}],"wp:featuredmedia":[{"embeddable":true,"href":"https:\/\/zonaroja.com.mx\/index.php?rest_route=\/wp\/v2\/media\/77851"}],"wp:attachment":[{"href":"https:\/\/zonaroja.com.mx\/index.php?rest_route=%2Fwp%2Fv2%2Fmedia&parent=77850"}],"wp:term":[{"taxonomy":"category","embeddable":true,"href":"https:\/\/zonaroja.com.mx\/index.php?rest_route=%2Fwp%2Fv2%2Fcategories&post=77850"},{"taxonomy":"post_tag","embeddable":true,"href":"https:\/\/zonaroja.com.mx\/index.php?rest_route=%2Fwp%2Fv2%2Ftags&post=77850"}],"curies":[{"name":"wp","href":"https:\/\/api.w.org\/{rel}","templated":true}]}}