{"id":77853,"date":"2025-02-25T11:01:00","date_gmt":"2025-02-25T17:01:00","guid":{"rendered":"https:\/\/zonaroja.com.mx\/?p=77853"},"modified":"2025-02-25T07:03:18","modified_gmt":"2025-02-25T13:03:18","slug":"trump-dice-que-aranceles-a-mexico-y-canada-seguiran-adelante","status":"publish","type":"post","link":"https:\/\/zonaroja.com.mx\/?p=77853","title":{"rendered":"Trump dice que aranceles a M\u00e9xico y Canad\u00e1 seguir\u00e1n adelante"},"content":{"rendered":"\n<p>Redacci\u00f3n\/Zona Roja Cdmx.<\/p>\n\n\n\n<p>Ciudad de M\u00e9xico, a 25 de febrero de 2025.- El presidente de Estados Unidos, Donald Trump, declar\u00f3 ante medios de comunicaci\u00f3n que los aranceles a las importaciones de Canad\u00e1 y M\u00e9xico \u00abseguir\u00e1n adelante\u00bb, esto a una semana de que se cumpla el mes que fueron pausados.&nbsp;<\/p>\n\n\n\n<p>\u201cEstamos a tiempo con los aranceles, y parece que eso est\u00e1 avanzando muy r\u00e1pidamente\u201d, dijo Trump&nbsp;durante&nbsp;conferencia de prensa en la Casa Blanca.<\/p>\n\n\n\n<p>Adem\u00e1s el mandatario reiter\u00f3 su opini\u00f3n de que Estados Unidos ha sido maltratado por sus vecinos y aliados. \u201cHemos sido maltratados por muchos pa\u00edses, no s\u00f3lo Canad\u00e1 y M\u00e9xico. Se han aprovechado de nosotros\u201d.<\/p>\n\n\n\n<p>El 3 de febrero pasado,&nbsp;Trump acept\u00f3 pausar la imposici\u00f3n del 25 por ciento de aranceles a las exportaciones mexicanas que arriban a su territorio durante un mes, luego de una llamada con su hom\u00f3loga mexicana, Claudia Sheinbaum.&nbsp;<\/p>\n\n\n\n<p>Durante dicho periodo, ambas naciones han sostenido mesas de trabajo en materia de seguridad, migraci\u00f3n y comercio.&nbsp;<\/p>\n\n\n\n<p>Situaci\u00f3n similar ocurri\u00f3 sobre los aranceles que aplicar\u00eda Estados Unidos a Canad\u00e1.&nbsp;<\/p>\n\n\n\n<p>(Informaci\u00f3n de la agencia Reuters en \u201cLa Jornada\u201d)<\/p>\n","protected":false},"excerpt":{"rendered":"<p>Redacci\u00f3n\/Zona Roja Cdmx. Ciudad de M\u00e9xico, a 25 de febrero de 2025.- El presidente de&hellip;<\/p>\n","protected":false},"author":2,"featured_media":75790,"comment_status":"closed","ping_status":"open","sticky":false,"template":"","format":"standard","meta":{"_lmt_disableupdate":"","_lmt_disable":"","_jetpack_memberships_contains_paid_content":false,"footnotes":""},"categories":[109,47],"tags":[1060],"class_list":["post-77853","post","type-post","status-publish","format-standard","has-post-thumbnail","hentry","category-minuto-a-minuto","category-zona-gris","tag-donald-trump"],"jetpack_featured_media_url":"https:\/\/zonaroja.com.mx\/wp-content\/uploads\/2024\/12\/Claudia-Sheinbaum-y-Donald-Trump.jpg","jetpack_sharing_enabled":true,"_links":{"self":[{"href":"https:\/\/zonaroja.com.mx\/index.php?rest_route=\/wp\/v2\/posts\/77853","targetHints":{"allow":["GET"]}}],"collection":[{"href":"https:\/\/zonaroja.com.mx\/index.php?rest_route=\/wp\/v2\/posts"}],"about":[{"href":"https:\/\/zonaroja.com.mx\/index.php?rest_route=\/wp\/v2\/types\/post"}],"author":[{"embeddable":true,"href":"https:\/\/zonaroja.com.mx\/index.php?rest_route=\/wp\/v2\/users\/2"}],"replies":[{"embeddable":true,"href":"https:\/\/zonaroja.com.mx\/index.php?rest_route=%2Fwp%2Fv2%2Fcomments&post=77853"}],"version-history":[{"count":1,"href":"https:\/\/zonaroja.com.mx\/index.php?rest_route=\/wp\/v2\/posts\/77853\/revisions"}],"predecessor-version":[{"id":77854,"href":"https:\/\/zonaroja.com.mx\/index.php?rest_route=\/wp\/v2\/posts\/77853\/revisions\/77854"}],"wp:featuredmedia":[{"embeddable":true,"href":"https:\/\/zonaroja.com.mx\/index.php?rest_route=\/wp\/v2\/media\/75790"}],"wp:attachment":[{"href":"https:\/\/zonaroja.com.mx\/index.php?rest_route=%2Fwp%2Fv2%2Fmedia&parent=77853"}],"wp:term":[{"taxonomy":"category","embeddable":true,"href":"https:\/\/zonaroja.com.mx\/index.php?rest_route=%2Fwp%2Fv2%2Fcategories&post=77853"},{"taxonomy":"post_tag","embeddable":true,"href":"https:\/\/zonaroja.com.mx\/index.php?rest_route=%2Fwp%2Fv2%2Ftags&post=77853"}],"curies":[{"name":"wp","href":"https:\/\/api.w.org\/{rel}","templated":true}]}}