{"id":77855,"date":"2025-02-25T12:06:00","date_gmt":"2025-02-25T18:06:00","guid":{"rendered":"https:\/\/zonaroja.com.mx\/?p=77855"},"modified":"2025-02-25T07:08:11","modified_gmt":"2025-02-25T13:08:11","slug":"opinion-morena-pone-y-quien-quita","status":"publish","type":"post","link":"https:\/\/zonaroja.com.mx\/?p=77855","title":{"rendered":"Opini\u00f3n. Morena pone \u00bfy qui\u00e9n quita?"},"content":{"rendered":"\n<p>Isidoro Yescas*<\/p>\n\n\n\n<p>Una campa\u00f1a de afiliaci\u00f3n masiva&nbsp;a Morena sin reglas ni acotamientos&nbsp;tiene sus riesgos,&nbsp;tal como ahora se expresa con el rechazo&nbsp;al expanista&nbsp;Miguel&nbsp;Angel&nbsp;Yunes y&nbsp;al&nbsp;expri\u00edsta&nbsp;y exgobernador de Oaxaca, Alejandro Murat&nbsp;,que no son los \u00fanicos pero que&nbsp;al cobrar notoriedad y convertirse en fuente de desacuerdos internos expresan con nitidez&nbsp;el pragmatismo e&nbsp;inconsistencia ideol\u00f3gica&nbsp;del partido fundado por Andr\u00e9s Manuel L\u00f3pez Obrador.<\/p>\n\n\n\n<p>Yunes y Murat se parecen en mucho, pero no son lo mismo.&nbsp;<\/p>\n\n\n\n<p>Despu\u00e9s de traicionar al PAN y dar su voto a la reforma judicial, Yunes se gan\u00f3 el cari\u00f1o y la confianza del poderoso jefe de la bancada morenista en &nbsp;la C\u00e1mara de Diputados, &nbsp;Ad\u00e1n Augusto L\u00f3pez, pero tambi\u00e9n del presidente de la Mesa Directiva del Senado,&nbsp;GerardoFern\u00e1ndez Noro\u00f1a, convertidos ahora en padrinos y defensores a ultranza del impresentable Yunes.<\/p>\n\n\n\n<p>Como gobernador del PRI,&nbsp;Alejandro Murat entreg\u00f3 malas cuentas a los oaxaque\u00f1os pero, como dice la gente, \u201cqued\u00f3 bien parado\u201d con el &nbsp;presidente Andr\u00e9s Manuel L\u00f3pez Obrador.&nbsp;<\/p>\n\n\n\n<p>Y eso fue m\u00e1s que suficiente para que, luego de renunciar al PRI,&nbsp;se declarara af\u00edn a la 4T y de all\u00ed a una curul en el&nbsp;Senado.Hoy,&nbsp;con todo y el esc\u00e1ndalo que se trae con el millonario desfalco al Infonavit, en donde fue director general&nbsp;(2012-2015)&nbsp;&nbsp;ya se afili\u00f3 Morena y al hacerlo presumi\u00f3 una foto con la presidenta, Luisa Mar\u00eda Alcalde.&nbsp;<\/p>\n\n\n\n<p>La protesta p\u00fablica &nbsp;de la gobernadora de Veracruz, Roc\u00edo Nahle, en contra del ingreso de Miguel&nbsp;Angel&nbsp;Yunes a Morena, fue suficiente para que, casi de inmediato, Alcalde turnara el caso a la Comisi\u00f3n de Honestidad y Justicia.&nbsp;<\/p>\n\n\n\n<p>El gobernador de Oaxaca, Salom\u00f3n Jara (y llevando como coro a los senadores, legisladores locales y la dirigencia estatal de Morena)&nbsp;ha emulado a su par veracruzana&nbsp;con su adversario pol\u00edtico&nbsp;Murat pero&nbsp;pasan las horas y los d\u00edas y la dirigente nacional morenista no ha respondido.<\/p>\n\n\n\n<p>As\u00ed las cosas, y en&nbsp;el contexto de los choques y&nbsp;disputas pol\u00edticas&nbsp;que se libran entre&nbsp;el gobierno primaveral &nbsp;y el&nbsp;muratismo, importa mucho&nbsp;lo que&nbsp;pueda ocurrir&nbsp;en Oaxaca&nbsp;en el corto y mediano plazo,&nbsp;y no precisamente por las cartas&nbsp;electorales&nbsp;que&nbsp;las dos expresiones antag\u00f3nicas&nbsp;de la 4T&nbsp;&nbsp;juegan para el interregno del 2028-2030,&nbsp;sino porque&nbsp;la insistencia de algunos sectores sociales y pol\u00edticos para pronunciarse por la revocaci\u00f3n de mandato es una coyuntura que &nbsp;ya est\u00e1 siendo&nbsp;aprovechada por &nbsp;la familia&nbsp;Murat (padre e hijo) para montarse en este reclamo ciudadano&nbsp;y as\u00ed&nbsp;continuar ajustando cuentas con un adversario que desde el Palacio Primaveral &nbsp;abiertamente est\u00e1 apostando a instaurar un cacicazgo pol\u00edtico&nbsp;para as\u00ed garantizar la instalaci\u00f3n de una dinast\u00eda&nbsp;familiar&nbsp;transexenal.<\/p>\n\n\n\n<p>Otra&nbsp;fuerza de la 4T que tambi\u00e9n&nbsp;ha abierto fuego en contra del gobierno primaveral es el PT: por un lado, el diputado federal Benjam\u00edn Robles,&nbsp;que&nbsp;no se ha cansado de acusar&nbsp;al gobernador Jara de mantener &nbsp;alianzas con grupos delincuenciales y, por el otro, la diputada federal Margarita Garc\u00eda,&nbsp;quien&nbsp;ha salido en defensa &nbsp;de los trabajadores sindicalizados del gobierno del estado que vienen luchando por su reinstalaci\u00f3n.<\/p>\n\n\n\n<p>No obstante, es un hecho que hasta ahora, y pese al crecimiento exponencial de la violencia criminal, la corrupci\u00f3n, el tr\u00e1fico de influencias familiar y la inseguridad p\u00fablica,&nbsp;las expresiones de descontento en contra del gobierno primaveral a\u00fan se observan incipientes, inconexas y las m\u00e1s&nbsp;de las veces silenciosas,&nbsp;al punto que&nbsp;no alcanzar\u00edan ni siquiera para&nbsp;cumplir con el requisito de &nbsp;cubrir con el 10 por ciento de la lista nominal de electores (poco m\u00e1s de&nbsp;300 mil firmas) para solicitar al&nbsp;EEPCO la revocaci\u00f3n de mandato.<\/p>\n\n\n\n<p>Sin embargo, esa es la ruta&nbsp;legal&nbsp;que tienen tanto quienes est\u00e1n a gusto con la Primavera Oaxaque\u00f1a (pues la revocaci\u00f3n de mandato es por un si o un no a la continuidad del mandato de SJ) como quienes no&nbsp;solamente lo rechazan sino tambi\u00e9n lo encaran.<\/p>\n\n\n\n<p>Lo que sigue en vilo es&nbsp;si ese clima de crispaci\u00f3n social y polarizaci\u00f3n pol\u00edtica&nbsp;cesar\u00e1 m\u00e1s tarde que temprano&nbsp;o, por el contrario, con o sin revocaci\u00f3n de mandato, todo seguir\u00e1 igual \u2026o peor.&nbsp;<\/p>\n\n\n\n<p>*Maestro en Sociolog\u00eda.<\/p>\n\n\n\n<p>X: @YescasIsidoro<\/p>\n\n\n\n<p>Faceboock:&nbsp;IsidoroYescas<\/p>\n","protected":false},"excerpt":{"rendered":"<p>Isidoro Yescas* Una campa\u00f1a de afiliaci\u00f3n masiva&nbsp;a Morena sin reglas ni acotamientos&nbsp;tiene sus riesgos,&nbsp;tal como&hellip;<\/p>\n","protected":false},"author":2,"featured_media":71623,"comment_status":"closed","ping_status":"open","sticky":false,"template":"","format":"standard","meta":{"_lmt_disableupdate":"","_lmt_disable":"","_jetpack_memberships_contains_paid_content":false,"footnotes":""},"categories":[456,109],"tags":[3998],"class_list":["post-77855","post","type-post","status-publish","format-standard","has-post-thumbnail","hentry","category-columna","category-minuto-a-minuto","tag-isidoro-yescas-martinez"],"jetpack_featured_media_url":"https:\/\/zonaroja.com.mx\/wp-content\/uploads\/2024\/08\/Opinion.-Isidoro-Yescas.jpg","jetpack_sharing_enabled":true,"_links":{"self":[{"href":"https:\/\/zonaroja.com.mx\/index.php?rest_route=\/wp\/v2\/posts\/77855","targetHints":{"allow":["GET"]}}],"collection":[{"href":"https:\/\/zonaroja.com.mx\/index.php?rest_route=\/wp\/v2\/posts"}],"about":[{"href":"https:\/\/zonaroja.com.mx\/index.php?rest_route=\/wp\/v2\/types\/post"}],"author":[{"embeddable":true,"href":"https:\/\/zonaroja.com.mx\/index.php?rest_route=\/wp\/v2\/users\/2"}],"replies":[{"embeddable":true,"href":"https:\/\/zonaroja.com.mx\/index.php?rest_route=%2Fwp%2Fv2%2Fcomments&post=77855"}],"version-history":[{"count":1,"href":"https:\/\/zonaroja.com.mx\/index.php?rest_route=\/wp\/v2\/posts\/77855\/revisions"}],"predecessor-version":[{"id":77856,"href":"https:\/\/zonaroja.com.mx\/index.php?rest_route=\/wp\/v2\/posts\/77855\/revisions\/77856"}],"wp:featuredmedia":[{"embeddable":true,"href":"https:\/\/zonaroja.com.mx\/index.php?rest_route=\/wp\/v2\/media\/71623"}],"wp:attachment":[{"href":"https:\/\/zonaroja.com.mx\/index.php?rest_route=%2Fwp%2Fv2%2Fmedia&parent=77855"}],"wp:term":[{"taxonomy":"category","embeddable":true,"href":"https:\/\/zonaroja.com.mx\/index.php?rest_route=%2Fwp%2Fv2%2Fcategories&post=77855"},{"taxonomy":"post_tag","embeddable":true,"href":"https:\/\/zonaroja.com.mx\/index.php?rest_route=%2Fwp%2Fv2%2Ftags&post=77855"}],"curies":[{"name":"wp","href":"https:\/\/api.w.org\/{rel}","templated":true}]}}