{"id":77860,"date":"2025-02-25T11:00:48","date_gmt":"2025-02-25T17:00:48","guid":{"rendered":"https:\/\/zonaroja.com.mx\/?p=77860"},"modified":"2025-02-25T11:00:48","modified_gmt":"2025-02-25T17:00:48","slug":"capturan-fiscalia-y-marina-a-un-presunto-lider-criminal-en-el-istmo","status":"publish","type":"post","link":"https:\/\/zonaroja.com.mx\/?p=77860","title":{"rendered":"Capturan Fiscal\u00eda y Marina a un presunto l\u00edder criminal en el Istmo"},"content":{"rendered":"\n<p>Redacci\u00f3n\/Zona Roja.&nbsp;<\/p>\n\n\n\n<p>Oaxaca de Ju\u00e1rez, Oax., a 25 de febrero de 2025.- La Fiscal\u00eda General del Estado de Oaxaca &nbsp;(FGEO) y la Secretar\u00eda de Marina, lograron la detenci\u00f3n de C. A. V. V., alias \u201cLa Parka\u201d, identificado como uno de los principales distribuidores de drogas en la regi\u00f3n.<\/p>\n\n\n\n<p>Lo anterior es como&nbsp;resultado de los trabajos coordinados de inteligencia criminal y en operativos focalizados en el Istmo de Tehuantepec, inform\u00f3 la instituci\u00f3n estatal.&nbsp;<\/p>\n\n\n\n<p>Los hechos ocurrieron en calles de Juchit\u00e1n de Zaragoza, donde se implement\u00f3 un operativo conjunto entre FGEO y Semar, gracias al cual localizaron al objetivo prioritario quien fue detenido en flagrancia.<\/p>\n\n\n\n<p>Luego de su captura, C. A. V. V., alias \u201cLa Parka\u201d, fue puesto a disposici\u00f3n de la autoridad correspondiente por el delito contra la salud en su modalidad de narcomenudeo en su hip\u00f3tesis de posesi\u00f3n con fines de comercio agravado.<\/p>\n\n\n\n<p>Derivado de los trabajos de inteligencia criminal con el objetivo de combatir el fen\u00f3meno delictivo en la zona, se logr\u00f3 establecer que C. A. V. V., alias \u201cLa Parka\u201d, tiene varias investigaciones en su contra por diversos delitos atribuidos a una c\u00e9lula delictiva local.<\/p>\n\n\n\n<p>La instituci\u00f3n que encabeza Bernardo Rodr\u00edguez Alamilla detall\u00f3 que las labores coordinadas que lleva a cabo la Fiscal\u00eda de Oaxaca, junto con diferentes instancias federales, ha permitido la detenci\u00f3n de objetivos prioritarios en la regi\u00f3n del Istmo, al considerarlos generadores de violencia en la zona.<\/p>\n","protected":false},"excerpt":{"rendered":"<p>Redacci\u00f3n\/Zona Roja.&nbsp; Oaxaca de Ju\u00e1rez, Oax., a 25 de febrero de 2025.- La Fiscal\u00eda General&hellip;<\/p>\n","protected":false},"author":2,"featured_media":77859,"comment_status":"closed","ping_status":"open","sticky":false,"template":"","format":"standard","meta":{"_lmt_disableupdate":"","_lmt_disable":"","_jetpack_memberships_contains_paid_content":false,"footnotes":""},"categories":[109,46],"tags":[],"class_list":["post-77860","post","type-post","status-publish","format-standard","has-post-thumbnail","hentry","category-minuto-a-minuto","category-zona-blanca"],"jetpack_featured_media_url":"https:\/\/zonaroja.com.mx\/wp-content\/uploads\/2025\/02\/diseno-sin-titulo-1.jpg","jetpack_sharing_enabled":true,"_links":{"self":[{"href":"https:\/\/zonaroja.com.mx\/index.php?rest_route=\/wp\/v2\/posts\/77860","targetHints":{"allow":["GET"]}}],"collection":[{"href":"https:\/\/zonaroja.com.mx\/index.php?rest_route=\/wp\/v2\/posts"}],"about":[{"href":"https:\/\/zonaroja.com.mx\/index.php?rest_route=\/wp\/v2\/types\/post"}],"author":[{"embeddable":true,"href":"https:\/\/zonaroja.com.mx\/index.php?rest_route=\/wp\/v2\/users\/2"}],"replies":[{"embeddable":true,"href":"https:\/\/zonaroja.com.mx\/index.php?rest_route=%2Fwp%2Fv2%2Fcomments&post=77860"}],"version-history":[{"count":1,"href":"https:\/\/zonaroja.com.mx\/index.php?rest_route=\/wp\/v2\/posts\/77860\/revisions"}],"predecessor-version":[{"id":77861,"href":"https:\/\/zonaroja.com.mx\/index.php?rest_route=\/wp\/v2\/posts\/77860\/revisions\/77861"}],"wp:featuredmedia":[{"embeddable":true,"href":"https:\/\/zonaroja.com.mx\/index.php?rest_route=\/wp\/v2\/media\/77859"}],"wp:attachment":[{"href":"https:\/\/zonaroja.com.mx\/index.php?rest_route=%2Fwp%2Fv2%2Fmedia&parent=77860"}],"wp:term":[{"taxonomy":"category","embeddable":true,"href":"https:\/\/zonaroja.com.mx\/index.php?rest_route=%2Fwp%2Fv2%2Fcategories&post=77860"},{"taxonomy":"post_tag","embeddable":true,"href":"https:\/\/zonaroja.com.mx\/index.php?rest_route=%2Fwp%2Fv2%2Ftags&post=77860"}],"curies":[{"name":"wp","href":"https:\/\/api.w.org\/{rel}","templated":true}]}}