{"id":77863,"date":"2025-02-25T17:56:35","date_gmt":"2025-02-25T23:56:35","guid":{"rendered":"https:\/\/zonaroja.com.mx\/?p=77863"},"modified":"2025-02-25T17:56:36","modified_gmt":"2025-02-25T23:56:36","slug":"gobierno-de-trump-se-niega-a-quitar-restricciones-a-la-agencia-ap","status":"publish","type":"post","link":"https:\/\/zonaroja.com.mx\/?p=77863","title":{"rendered":"Gobierno de Trump se niega a quitar restricciones a la agencia AP"},"content":{"rendered":"\n<p>Redacci\u00f3n\/Zona Roja Cdmx.<\/p>\n\n\n\n<p>Ciudad de M\u00e9xico, a 25 de febrero de 2025.- Un juez federal se neg\u00f3 el lunes a ordenar a la Casa Blanca que restablezca el acceso de The Associated Press (AP) a los eventos del presidente de Estados Unidos, Donlad Trump, diciendo que la agencia de noticias no hab\u00eda demostrado haber sufrido un da\u00f1o irreparable.&nbsp;<\/p>\n\n\n\n<p>Sin embargo, inst\u00f3 al gobierno a reconsiderar la prohibici\u00f3n que implement\u00f3 hace dos semanas, se\u00f1alando que la jurisprudencia \u201ces uniformemente in\u00fatil para la Casa Blanca\u201d.<\/p>\n\n\n\n<p>La decisi\u00f3n del juez federal de distrito Trevor N. McFadden, sin embargo, es s\u00f3lo temporal. Les dijo a los abogados del gobierno del presidente Trump y de la AP que el asunto requer\u00eda m\u00e1s an\u00e1lisis antes de emitir un fallo.<\/p>\n\n\n\n<p>McFadden indic\u00f3 que la AP no demostr\u00f3 haber sufrido un da\u00f1o que requiriera de una orden de restricci\u00f3n inmediata. Pero advirti\u00f3 a la Casa Blanca que la ley no estaba de su lado en lo referente a prohibirle a la AP referirse al Golfo de M\u00e9xico, y no simplemente \u201cGolfo de Estados Unidos\u201d como lo decret\u00f3 Trump en una orden ejecutiva.<\/p>\n\n\n\n<p>\u201cParece una clara discriminaci\u00f3n por punto de vista\u201d, dijo McFadden a Brian Hudak, un abogado del gobierno.<\/p>\n\n\n\n<p>Al no haber un fallo, la Casa Blanca es libre de seguir restringiendo el acceso de la AP al Despacho Oval y otros lugares. El caso promete extenderse al menos hasta el 20 de marzo, fecha en la que se program\u00f3 una audiencia adicional.<\/p>\n\n\n\n<p>La portavoz de la AP, Lauren Easton, coment\u00f3: \u201cEstamos a la espera de nuestra pr\u00f3xima audiencia el 20 de marzo, donde continuaremos defendiendo el derecho de la prensa y del p\u00fablico a expresarse libremente, sin represalias del gobierno. Esta es una libertad fundamental de Estados Unidos\u201d.<\/p>\n\n\n\n<p>En tanto, la Casa Blanca despleg\u00f3 mensajes de \u201cGolfo de Estados Unidos\u201d y \u201cVictoria\u201d en un par de monitores de la sala de prensa.<\/p>\n\n\n\n<p>Hudak se\u00f1al\u00f3 que s\u00f3lo por el hecho de que un reportero y un fot\u00f3grafo de la AP hayan tenido un lugar durante mucho tiempo dentro del grupo de prensa de la Casa Blanca no significa que la agencia tenga derecho perpetuo a ello.<\/p>\n\n\n\n<p>\u201cNo se trata s\u00f3lo de un acceso especial. Es un acceso extraespecial\u201d, destac\u00f3 Hudak, se\u00f1alando que los periodistas de la AP mantienen acceso a la Casa Blanca y publican noticias de eventos, incluso cuando sus periodistas no est\u00e1n presentes en la sala donde ocurren. \u201cEl presidente puede elegir con qui\u00e9n hablar\u201d.<\/p>\n\n\n\n<p>Charles Tobin, un abogado que representa a la AP, dijo que no se trata de si Trump ten\u00eda que hablar con los reporteros de la agencia, sino que excluir a la agencia era un \u201cproblema constitucional\u201d.<\/p>\n\n\n\n<p>\u201cNo argumentamos que el presidente de Estados Unidos tenga que responder a las preguntas de The Associated Press\u201d, declar\u00f3 Tobin. \u201cEl asunto es que una vez que permite la entrada del grupo de prensa, no puede decir: \u2018No me caes bien. Publicas noticias falsas. Vete de aqu\u00ed\u2019\u201d.<\/p>\n\n\n\n<p>La Casa Blanca emiti\u00f3 un comunicado en el que declar\u00f3 una victoria en el caso, se\u00f1alando: \u201cDefendemos nuestra decisi\u00f3n de hacer rendir cuentas a las noticias falsas por sus mentiras\u201d.<\/p>\n\n\n\n<p>McFadden, quien fue nominado por Trump, interrog\u00f3 intensamente a las dos partes.<\/p>\n\n\n\n<p>Al hablar sobre la composici\u00f3n del \u201cgrupo de prensa\u201d que es elegido por la Asociaci\u00f3n de Corresponsales de la Casa Blanca, cuestion\u00f3 por qu\u00e9 el gobierno estaba obligado a acatar esas selecciones. \u201cSe siente un poco extra\u00f1o que la Casa Blanca est\u00e9 de alguna manera obligada por las decisiones que toma esta organizaci\u00f3n\u201d.<\/p>\n\n\n\n<p>Este mes, el gobierno de Trump le comenz\u00f3 a prohibir a la AP el acceso al Despacho Oval, el avi\u00f3n presidencial y otras \u00e1reas que han estado abiertas a la agencia durante un siglo al formar parte del grupo de prensa de la Casa Blanca.<\/p>\n\n\n\n<p>La disputa surge de la negativa de la AP a cambiar su estilo al referirse al Golfo de M\u00e9xico porque su audiencia es global y ese cuerpo de agua no est\u00e1 \u00fanicamente en territorio de Estados Unidos. Sin embargo, tambi\u00e9n reconoce el hecho de que Trump le cambi\u00f3 el nombre.<\/p>\n\n\n\n<p>(Informaci\u00f3n de la agencia AP en \u201cLa Jornada\u201d)<\/p>\n","protected":false},"excerpt":{"rendered":"<p>Redacci\u00f3n\/Zona Roja Cdmx. Ciudad de M\u00e9xico, a 25 de febrero de 2025.- Un juez federal&hellip;<\/p>\n","protected":false},"author":2,"featured_media":77864,"comment_status":"closed","ping_status":"open","sticky":false,"template":"","format":"standard","meta":{"_lmt_disableupdate":"","_lmt_disable":"","_jetpack_memberships_contains_paid_content":false,"footnotes":""},"categories":[109,47],"tags":[1060],"class_list":["post-77863","post","type-post","status-publish","format-standard","has-post-thumbnail","hentry","category-minuto-a-minuto","category-zona-gris","tag-donald-trump"],"jetpack_featured_media_url":"https:\/\/zonaroja.com.mx\/wp-content\/uploads\/2025\/02\/Casa-Blanca-y-agencia-AP.jpeg","jetpack_sharing_enabled":true,"_links":{"self":[{"href":"https:\/\/zonaroja.com.mx\/index.php?rest_route=\/wp\/v2\/posts\/77863","targetHints":{"allow":["GET"]}}],"collection":[{"href":"https:\/\/zonaroja.com.mx\/index.php?rest_route=\/wp\/v2\/posts"}],"about":[{"href":"https:\/\/zonaroja.com.mx\/index.php?rest_route=\/wp\/v2\/types\/post"}],"author":[{"embeddable":true,"href":"https:\/\/zonaroja.com.mx\/index.php?rest_route=\/wp\/v2\/users\/2"}],"replies":[{"embeddable":true,"href":"https:\/\/zonaroja.com.mx\/index.php?rest_route=%2Fwp%2Fv2%2Fcomments&post=77863"}],"version-history":[{"count":1,"href":"https:\/\/zonaroja.com.mx\/index.php?rest_route=\/wp\/v2\/posts\/77863\/revisions"}],"predecessor-version":[{"id":77865,"href":"https:\/\/zonaroja.com.mx\/index.php?rest_route=\/wp\/v2\/posts\/77863\/revisions\/77865"}],"wp:featuredmedia":[{"embeddable":true,"href":"https:\/\/zonaroja.com.mx\/index.php?rest_route=\/wp\/v2\/media\/77864"}],"wp:attachment":[{"href":"https:\/\/zonaroja.com.mx\/index.php?rest_route=%2Fwp%2Fv2%2Fmedia&parent=77863"}],"wp:term":[{"taxonomy":"category","embeddable":true,"href":"https:\/\/zonaroja.com.mx\/index.php?rest_route=%2Fwp%2Fv2%2Fcategories&post=77863"},{"taxonomy":"post_tag","embeddable":true,"href":"https:\/\/zonaroja.com.mx\/index.php?rest_route=%2Fwp%2Fv2%2Ftags&post=77863"}],"curies":[{"name":"wp","href":"https:\/\/api.w.org\/{rel}","templated":true}]}}