{"id":77866,"date":"2025-02-25T19:21:11","date_gmt":"2025-02-26T01:21:11","guid":{"rendered":"https:\/\/zonaroja.com.mx\/?p=77866"},"modified":"2025-02-25T19:21:11","modified_gmt":"2025-02-26T01:21:11","slug":"matan-a-balazos-a-una-bebe-y-lesionan-a-su-madre-en-putla-oaxaca","status":"publish","type":"post","link":"https:\/\/zonaroja.com.mx\/?p=77866","title":{"rendered":"Matan a balazos a una beb\u00e9 y lesionan a su madre, en Putla, Oaxaca"},"content":{"rendered":"\n<p>Raymundo Morales\/Zona Roja.<\/p>\n\n\n\n<p>Oaxaca de Ju\u00e1rez, Oax., a 25 de febrero de 2025.- Una mujer y su reci\u00e9n nacida fueron atacadas a balazos en Putla Villa de Guerrero, municipio de la regi\u00f3n Sierra Sur de Oaxaca.<\/p>\n\n\n\n<p>Como resultado de ello, la peque\u00f1a de aproximadamente tres meses de edad perdi\u00f3 la vida en el lugar mientras que su madre fue trasladada a un hospital.<\/p>\n\n\n\n<p>Los hechos sucedieron este lunes en el centro de dicha demarcaci\u00f3n, mientras se realizaba la fiesta de carnaval.<\/p>\n\n\n\n<p>La madre de familia se hallaba disfrutando de la tradicional festividad cuando un sujeto armado dispar\u00f3 contra ella; hasta el momento las v\u00edctimas no han sido identificadas y se desconocen las causas de la agresi\u00f3n armada.<\/p>\n\n\n\n<p>Pese a la multitud que acude al festival de carnaval, que se realiza cada a\u00f1o en v\u00edsperas de la Semana Santa, no hab\u00eda polic\u00edas municipales en la zona, por lo cual no hay personas detenidas.<\/p>\n\n\n\n<p>Peritos y agentes de la Fiscal\u00eda General del Estado de Oaxaca indagan el caso, con la finalidad de dar con el responsable de los hechos violentos.<\/p>\n","protected":false},"excerpt":{"rendered":"<p>Raymundo Morales\/Zona Roja. Oaxaca de Ju\u00e1rez, Oax., a 25 de febrero de 2025.- Una mujer&hellip;<\/p>\n","protected":false},"author":2,"featured_media":77867,"comment_status":"closed","ping_status":"open","sticky":false,"template":"","format":"standard","meta":{"_lmt_disableupdate":"","_lmt_disable":"","_jetpack_memberships_contains_paid_content":false,"footnotes":""},"categories":[109,51],"tags":[4229,969],"class_list":["post-77866","post","type-post","status-publish","format-standard","has-post-thumbnail","hentry","category-minuto-a-minuto","category-zona-roja","tag-matan-a-bebe","tag-putla-villa-de-guerrero"],"jetpack_featured_media_url":"https:\/\/zonaroja.com.mx\/wp-content\/uploads\/2025\/02\/Bebe-asesinado.jpeg","jetpack_sharing_enabled":true,"_links":{"self":[{"href":"https:\/\/zonaroja.com.mx\/index.php?rest_route=\/wp\/v2\/posts\/77866","targetHints":{"allow":["GET"]}}],"collection":[{"href":"https:\/\/zonaroja.com.mx\/index.php?rest_route=\/wp\/v2\/posts"}],"about":[{"href":"https:\/\/zonaroja.com.mx\/index.php?rest_route=\/wp\/v2\/types\/post"}],"author":[{"embeddable":true,"href":"https:\/\/zonaroja.com.mx\/index.php?rest_route=\/wp\/v2\/users\/2"}],"replies":[{"embeddable":true,"href":"https:\/\/zonaroja.com.mx\/index.php?rest_route=%2Fwp%2Fv2%2Fcomments&post=77866"}],"version-history":[{"count":1,"href":"https:\/\/zonaroja.com.mx\/index.php?rest_route=\/wp\/v2\/posts\/77866\/revisions"}],"predecessor-version":[{"id":77868,"href":"https:\/\/zonaroja.com.mx\/index.php?rest_route=\/wp\/v2\/posts\/77866\/revisions\/77868"}],"wp:featuredmedia":[{"embeddable":true,"href":"https:\/\/zonaroja.com.mx\/index.php?rest_route=\/wp\/v2\/media\/77867"}],"wp:attachment":[{"href":"https:\/\/zonaroja.com.mx\/index.php?rest_route=%2Fwp%2Fv2%2Fmedia&parent=77866"}],"wp:term":[{"taxonomy":"category","embeddable":true,"href":"https:\/\/zonaroja.com.mx\/index.php?rest_route=%2Fwp%2Fv2%2Fcategories&post=77866"},{"taxonomy":"post_tag","embeddable":true,"href":"https:\/\/zonaroja.com.mx\/index.php?rest_route=%2Fwp%2Fv2%2Ftags&post=77866"}],"curies":[{"name":"wp","href":"https:\/\/api.w.org\/{rel}","templated":true}]}}