{"id":77869,"date":"2025-02-25T20:59:08","date_gmt":"2025-02-26T02:59:08","guid":{"rendered":"https:\/\/zonaroja.com.mx\/?p=77869"},"modified":"2025-02-25T20:59:10","modified_gmt":"2025-02-26T02:59:10","slug":"aprobaran-manana-reforma-al-poder-judicial-de-oaxaca-avalan-fiscalizador","status":"publish","type":"post","link":"https:\/\/zonaroja.com.mx\/?p=77869","title":{"rendered":"Aprobar\u00e1n ma\u00f1ana reforma al Poder Judicial de Oaxaca; avalan fiscalizador"},"content":{"rendered":"\n<p>Raymundo Morales\/Zona Roja.<\/p>\n\n\n\n<p>Oaxaca de Ju\u00e1rez, Oax., a 25 de febrero de 2025.- El pleno del Congreso de Oaxaca prev\u00e9 aprobar ma\u00f1ana la reforma al Poder Judicial del Estado, adelant\u00f3 el presidente de la Junta de Coordinaci\u00f3n Pol\u00edtica, Benjam\u00edn Viveros Montalvo.<\/p>\n\n\n\n<p>En conferencia de prensa, tras la sesi\u00f3n ordinaria de hoy, expuso que para el caso de la entidad, hay consenso en que esta ocasi\u00f3n, \u00fanicamente sea para extinguir el Consejo de la Judicatura y elegir, el pr\u00f3ximo 1 de junio, el \u00f3rgano de disciplina y el \u00f3rgano de administraci\u00f3n.<\/p>\n\n\n\n<p>Record\u00f3 que ser\u00e1 hasta el 2027 en que Oaxaca decidir\u00e1 el reemplazo de los jueces y magistrados, tambi\u00e9n mediante una elecci\u00f3n, al igual que se har\u00e1 este a\u00f1o a nivel federal.<\/p>\n\n\n\n<p>Indic\u00f3 que la tarde de este martes se efectuaron las \u00faltimas revisiones a la propuesta de reforma al Poder Judicial, que se avalar\u00eda ma\u00f1ana en una sesi\u00f3n extraordinaria.<\/p>\n\n\n\n<p>TITULAR DE FISCALIZACI\u00d3N<\/p>\n\n\n\n<p>Por otra parte, en sesi\u00f3n extraordinaria, el pleno de la 65 Legislatura design\u00f3 con 38 votos a favor \u00c9rick G\u00f3mez Ram\u00edrez como titular de la Unidad de Fiscalizaci\u00f3n y Control del Legislativo.<\/p>\n\n\n\n<p>La terna presentada mediante el Proyecto de Acuerdo por la Junta de Coordinaci\u00f3n Pol\u00edtica (Jucopo) estuvo compuesta por Sujeyla Santiago Gallegos, Erick G\u00f3mez Ram\u00edrez y Odil\u00f3n Gonz\u00e1lez Ruiz.<\/p>\n\n\n\n<p>Se inform\u00f3 que la actividad es parte del ejercicio de transparencia y rendici\u00f3n de cuentas que el Congreso de Oaxaca impulsa, con el firme prop\u00f3sito de fortalecer el v\u00ednculo entre las y los representantes populares y la ciudadan\u00eda, en aras de enriquecer la funci\u00f3n parlamentaria a beneficio del pueblo de Oaxaca.<\/p>\n\n\n\n<p>CIEN D\u00cdAS<\/p>\n\n\n\n<p>Previo a ello, el presidente de la Junta de Coordinaci\u00f3n Pol\u00edtica y responsable de la bancada de Morena, Viveros Montalvo, emiti\u00f3 un posicionamiento con motivo de los primeros 100 d\u00edas de la 66 Legislatura.<\/p>\n\n\n\n<p>Se pronunci\u00f3 por continuar trabajando con compromiso y determinaci\u00f3n para transformar positivamente las condiciones de vida de quienes m\u00e1s lo necesitan.<\/p>\n\n\n\n<p>Destac\u00f3 los tres ejes fundamentales que han sido la gu\u00eda del trabajo parlamentario: legislar para el bienestar social, construir una democracia m\u00e1s abierta y participativa, e impulsar el desarrollo econ\u00f3mico y sostenible del estado.<\/p>\n\n\n\n<p>Benjam\u00edn Viveros dijo que, gracias a la voluntad popular y la confianza otorgada por la ciudadan\u00eda para representar sus voces y necesidades, es lo que los impulsa todos los d\u00edas a trabajar con responsabilidad, humildad y con la certeza de que servir al pueblo es el mayor honor que se puede tener.<\/p>\n\n\n\n<p>\u00abEstos primeros 100 d\u00edas han sido de coordinaci\u00f3n y de trabajo constante. Hemos tomado decisiones con el \u00fanico y firme prop\u00f3sito de que cada reforma, iniciativa y debate contribuyan a mejorar las condiciones de vida de las y los m\u00e1s desprotegidos\u00bb, sostuvo.<\/p>\n\n\n\n<p>Extern\u00f3 que desde el Grupo Parlamentario de Morena han asumido con seriedad y compromiso la labor legislativa, de ser una mayor\u00eda que trabaja, escucha y responde a las necesidades de todas y todos los oaxaque\u00f1os.<\/p>\n\n\n\n<p>Viveros Montalvo precis\u00f3 que en estos primeros 100 d\u00edas se han impulsado medidas para fortalecer los programas sociales, as\u00ed como una agenda legislativa que prioriza la justicia social, el bienestar y el desarrollo incluyente.<\/p>\n\n\n\n<p>Abund\u00f3 que en esta Legislatura constitucional se promueve el di\u00e1logo entre todas las fuerzas pol\u00edticas con la convicci\u00f3n de que la pluralidad enriquece el debate y fortalece la democracia; asimismo, se robustecen los mecanismos para garantizar el uso transparente y eficiente de los recursos p\u00fablicos, combatiendo la corrupci\u00f3n y exigiendo la rendici\u00f3n de cuentas.<\/p>\n\n\n\n<p>Por ello, exhort\u00f3 a sus hom\u00f3logas y hom\u00f3logos a continuar trabajando para transformar, hacer justicia y gobernar diferente.&nbsp;<\/p>\n","protected":false},"excerpt":{"rendered":"<p>Raymundo Morales\/Zona Roja. Oaxaca de Ju\u00e1rez, Oax., a 25 de febrero de 2025.- El pleno&hellip;<\/p>\n","protected":false},"author":2,"featured_media":77870,"comment_status":"closed","ping_status":"open","sticky":false,"template":"","format":"standard","meta":{"_lmt_disableupdate":"","_lmt_disable":"","_jetpack_memberships_contains_paid_content":false,"footnotes":""},"categories":[109,46],"tags":[3664,303],"class_list":["post-77869","post","type-post","status-publish","format-standard","has-post-thumbnail","hentry","category-minuto-a-minuto","category-zona-blanca","tag-benjamin-viveros-montalvo","tag-congreso-del-estado-de-oaxaca"],"jetpack_featured_media_url":"https:\/\/zonaroja.com.mx\/wp-content\/uploads\/2025\/02\/Benjamin-viveros-conferencia.jpg","jetpack_sharing_enabled":true,"_links":{"self":[{"href":"https:\/\/zonaroja.com.mx\/index.php?rest_route=\/wp\/v2\/posts\/77869","targetHints":{"allow":["GET"]}}],"collection":[{"href":"https:\/\/zonaroja.com.mx\/index.php?rest_route=\/wp\/v2\/posts"}],"about":[{"href":"https:\/\/zonaroja.com.mx\/index.php?rest_route=\/wp\/v2\/types\/post"}],"author":[{"embeddable":true,"href":"https:\/\/zonaroja.com.mx\/index.php?rest_route=\/wp\/v2\/users\/2"}],"replies":[{"embeddable":true,"href":"https:\/\/zonaroja.com.mx\/index.php?rest_route=%2Fwp%2Fv2%2Fcomments&post=77869"}],"version-history":[{"count":1,"href":"https:\/\/zonaroja.com.mx\/index.php?rest_route=\/wp\/v2\/posts\/77869\/revisions"}],"predecessor-version":[{"id":77871,"href":"https:\/\/zonaroja.com.mx\/index.php?rest_route=\/wp\/v2\/posts\/77869\/revisions\/77871"}],"wp:featuredmedia":[{"embeddable":true,"href":"https:\/\/zonaroja.com.mx\/index.php?rest_route=\/wp\/v2\/media\/77870"}],"wp:attachment":[{"href":"https:\/\/zonaroja.com.mx\/index.php?rest_route=%2Fwp%2Fv2%2Fmedia&parent=77869"}],"wp:term":[{"taxonomy":"category","embeddable":true,"href":"https:\/\/zonaroja.com.mx\/index.php?rest_route=%2Fwp%2Fv2%2Fcategories&post=77869"},{"taxonomy":"post_tag","embeddable":true,"href":"https:\/\/zonaroja.com.mx\/index.php?rest_route=%2Fwp%2Fv2%2Ftags&post=77869"}],"curies":[{"name":"wp","href":"https:\/\/api.w.org\/{rel}","templated":true}]}}