{"id":77872,"date":"2025-02-25T22:27:45","date_gmt":"2025-02-26T04:27:45","guid":{"rendered":"https:\/\/zonaroja.com.mx\/?p=77872"},"modified":"2025-02-25T22:27:45","modified_gmt":"2025-02-26T04:27:45","slug":"refuerzan-seguridad-en-xoxocotlan-con-adquisicion-de-patrullas","status":"publish","type":"post","link":"https:\/\/zonaroja.com.mx\/?p=77872","title":{"rendered":"Refuerzan seguridad en Xoxocotl\u00e1n, con adquisici\u00f3n de patrullas"},"content":{"rendered":"\n<p>Redacci\u00f3n\/Zona Roja.<\/p>\n\n\n\n<p>Oaxaca de Ju\u00e1rez, Oax., a 25 de febrero de 2025.&nbsp;En el marco del D\u00eda Naranja, el gobierno municipal de Santa Cruz Xoxocotl\u00e1n, encabezado por la presidenta Nancy Ben\u00edtez Z\u00e1rate, reafirm\u00f3 su compromiso con la seguridad y el bienestar de la ciudadan\u00eda mediante la entrega de nuevas unidades vehiculares destinadas a tareas de seguridad y atenci\u00f3n de emergencias.<\/p>\n\n\n\n<p>Acompa\u00f1ada por integrantes del Cabildo, la presidenta honoraria del DIF municipal, Patricia Yarazet Cruz Ben\u00edtez, y titulares de las corporaciones de seguridad del municipio, la edil destac\u00f3 que esta fecha no solo marca un fortalecimiento en la infraestructura de seguridad, sino que representa un firme compromiso en la lucha contra la violencia de g\u00e9nero, garantizando una respuesta m\u00e1s r\u00e1pida y efectiva ante cualquier emergencia.<\/p>\n\n\n\n<p>El nuevo parque vehicular entregado incluye&nbsp;seis patrullas, cinco motopatrullas, una ambulancia y una retroexcavadora, unidades que ser\u00e1n asignadas a la Polic\u00eda Municipal, Polic\u00eda Vial, Protecci\u00f3n Civil y Servicios Municipales.<\/p>\n\n\n\n<p>Ben\u00edtez Z\u00e1rate subray\u00f3 que esta inversi\u00f3n es un claro ejemplo de que, cuando se administra con honestidad, convicci\u00f3n y principios firmes, los recursos municipales alcanzan para mejorar la calidad de vida de la poblaci\u00f3n.&nbsp;<\/p>\n\n\n\n<p>\u201cEn el pasado quedaron los actos de corrupci\u00f3n de administraciones anteriores que privilegiaban el lucro y ve\u00edan las arcas municipales como un bot\u00edn. Hoy demostramos que cuando se trabaja con transparencia, el beneficio llega a quienes realmente lo necesitan\u201d.<\/p>\n\n\n\n<p>Destac\u00f3 que&nbsp;desde hace 10 a\u00f1os no se adquir\u00eda una ambulancia para el municipio, y hoy su gobierno ha logrado hacerlo realidad.<\/p>\n\n\n\n<p>\u201cEstas unidades no solo fortalecer\u00e1n la vigilancia y la respuesta ante emergencias, sino que tambi\u00e9n ser\u00e1n herramientas clave para la protecci\u00f3n de quienes m\u00e1s lo necesitan. No solo combatimos la delincuencia, tambi\u00e9n brindamos atenci\u00f3n efectiva en casos de violencia de g\u00e9nero\u201d, enfatiz\u00f3.<\/p>\n\n\n\n<p>Finalmente, la mandataria anunci\u00f3 que en las pr\u00f3ximas semanas se pondr\u00e1 en marcha un&nbsp;programa de evaluaci\u00f3n y capacitaci\u00f3n en perspectiva de g\u00e9nero&nbsp;dirigido a los cuerpos de seguridad, con el objetivo de promover espacios m\u00e1s seguros y reforzar las estrategias de prevenci\u00f3n.<\/p>\n","protected":false},"excerpt":{"rendered":"<p>Redacci\u00f3n\/Zona Roja. Oaxaca de Ju\u00e1rez, Oax., a 25 de febrero de 2025.&nbsp;En el marco del&hellip;<\/p>\n","protected":false},"author":2,"featured_media":77873,"comment_status":"closed","ping_status":"open","sticky":false,"template":"","format":"standard","meta":{"_lmt_disableupdate":"","_lmt_disable":"","_jetpack_memberships_contains_paid_content":false,"footnotes":""},"categories":[109,46],"tags":[],"class_list":["post-77872","post","type-post","status-publish","format-standard","has-post-thumbnail","hentry","category-minuto-a-minuto","category-zona-blanca"],"jetpack_featured_media_url":"https:\/\/zonaroja.com.mx\/wp-content\/uploads\/2025\/02\/Comunicado-entrega-de-patrullas-1.jpeg","jetpack_sharing_enabled":true,"_links":{"self":[{"href":"https:\/\/zonaroja.com.mx\/index.php?rest_route=\/wp\/v2\/posts\/77872","targetHints":{"allow":["GET"]}}],"collection":[{"href":"https:\/\/zonaroja.com.mx\/index.php?rest_route=\/wp\/v2\/posts"}],"about":[{"href":"https:\/\/zonaroja.com.mx\/index.php?rest_route=\/wp\/v2\/types\/post"}],"author":[{"embeddable":true,"href":"https:\/\/zonaroja.com.mx\/index.php?rest_route=\/wp\/v2\/users\/2"}],"replies":[{"embeddable":true,"href":"https:\/\/zonaroja.com.mx\/index.php?rest_route=%2Fwp%2Fv2%2Fcomments&post=77872"}],"version-history":[{"count":1,"href":"https:\/\/zonaroja.com.mx\/index.php?rest_route=\/wp\/v2\/posts\/77872\/revisions"}],"predecessor-version":[{"id":77874,"href":"https:\/\/zonaroja.com.mx\/index.php?rest_route=\/wp\/v2\/posts\/77872\/revisions\/77874"}],"wp:featuredmedia":[{"embeddable":true,"href":"https:\/\/zonaroja.com.mx\/index.php?rest_route=\/wp\/v2\/media\/77873"}],"wp:attachment":[{"href":"https:\/\/zonaroja.com.mx\/index.php?rest_route=%2Fwp%2Fv2%2Fmedia&parent=77872"}],"wp:term":[{"taxonomy":"category","embeddable":true,"href":"https:\/\/zonaroja.com.mx\/index.php?rest_route=%2Fwp%2Fv2%2Fcategories&post=77872"},{"taxonomy":"post_tag","embeddable":true,"href":"https:\/\/zonaroja.com.mx\/index.php?rest_route=%2Fwp%2Fv2%2Ftags&post=77872"}],"curies":[{"name":"wp","href":"https:\/\/api.w.org\/{rel}","templated":true}]}}