{"id":77888,"date":"2025-02-26T12:21:00","date_gmt":"2025-02-26T18:21:00","guid":{"rendered":"https:\/\/zonaroja.com.mx\/?p=77888"},"modified":"2025-02-26T08:21:58","modified_gmt":"2025-02-26T14:21:58","slug":"opinion-guerrero-el-presidente-negro","status":"publish","type":"post","link":"https:\/\/zonaroja.com.mx\/?p=77888","title":{"rendered":"Opini\u00f3n. Guerrero, el presidente negro"},"content":{"rendered":"\n<p>N\u00e9stor Y. S\u00e1nchez Islas<\/p>\n\n\n\n<p>Carlos Mar\u00eda de Bustamante, el ilustre periodista oaxaque\u00f1o que inicialmente hab\u00eda ponderado a Vicente Guerrero con frases como:&nbsp;\u201c\u00bfQui\u00e9n podr\u00eda compar\u00e1rsele, cuando \u00e9l solo conserva en sus manos victoriosas la tea hermosa del fuego patrio\u2026?\u201d lleg\u00f3 a descalificarlo como \u201cnegro\u201d al calor de la lucha pol\u00edtica en la que transitaron de la unidad&nbsp;para lograr la independencia de M\u00e9xico&nbsp;al enfrentamiento&nbsp;al concluirla.<\/p>\n\n\n\n<p>Vicente Guerrero fue fusilado el 14 de febrero de 1831 en el ex convento de Cuil\u00e1pam y,&nbsp;su aniversario luctuoso&nbsp;es pretexto para&nbsp;actos de sumisi\u00f3n pol\u00edtica. Desconocedores de la historia del pueblo al que gobiernan, normalmente cuando los pol\u00edticos hablan de Vicente Guerrero no salen de usar la frase \u201cla patria es primero\u201d a conveniencia, rememorar el \u201cabrazo de Acatempan\u201d o referirse al \u201cej\u00e9rcito Trigarante\u201d&nbsp;sin entender de qu\u00e9 realmente est\u00e1n hablando.<\/p>\n\n\n\n<p>Pero Vicente Guerrero, afromexicano, tiene mucho que ense\u00f1arnos. El racismo de que fue objeto por su origen est\u00e1 hoy m\u00e1s vigente que nunca.&nbsp;Por un&nbsp;lado,&nbsp;la llegada de Donald Trump, un supremacista blanco, a la presidencia de Estados Unidos&nbsp;y, por el otro, la pretensi\u00f3n de hacer una nueva constituci\u00f3n local&nbsp;a manos de&nbsp;porros m\u00e1s que legisladores.<\/p>\n\n\n\n<p>En el sistema de castas de la Nueva Espa\u00f1a, al hijo de un afromexicano con una ind\u00edgena se le se\u00f1alaba como zambo, mulato o lobo, dependiendo de quien le aplicara el despectivo adjetivo. Su padre fue afromexicano; su madre, ind\u00edgena&nbsp;y \u00e9l&nbsp;se consideraba mulato.<\/p>\n\n\n\n<p>Estudiando la vida del pr\u00f3cer, encontr\u00e9&nbsp;el art\u00edculo acad\u00e9mico de la Dra. Mar\u00eda Dolores&nbsp;Ballesteros B\u00e1ez titulado \u201cVicente Guerrero: insurgente, militar y presidente afromexicano\u201d, publicado por el Instituto Mora de la CDMX&nbsp;donde nos&nbsp;ofrece una perspectiva valiosa sobre&nbsp;c\u00f3mo se&nbsp;alteran las figuras hist\u00f3ricas para crear historias manipuladas.<\/p>\n\n\n\n<p>\u201cBustamante se burla del aspecto f\u00edsico del general. Describe a Guerrero como \u201cun puerco cuino en lo gordo y lucio, lleno de canas y muy&nbsp;propio para servir de espantojo en un chilar\u201d y en la misma l\u00ednea, describe su cara como \u201cefigie prieta y m\u00e1s gorda que un cuino\u201d, y a su persona como \u201cun hombre que debiera ser porquerizo\u201d,&nbsp;(p.11),&nbsp;comentarios y opiniones&nbsp;que escribi\u00f3&nbsp;en el contexto de la lucha&nbsp;por la presidencia dado que&nbsp;ambos&nbsp;terminaron militando en logias mas\u00f3nicas&nbsp;rivales.<\/p>\n\n\n\n<p>La exploraci\u00f3n que hace la doctora Ballesteros de las representaciones escritas y visuales que sobre Guerrero se han hecho son una muestra de como se trat\u00f3 de&nbsp;\u201cblanquear\u201d&nbsp;la imagen del h\u00e9roe para ser aceptado por las \u00e9lites criollas gobernantes&nbsp;que confabularon en La Profesa para lograr la independencia.<\/p>\n\n\n\n<p>Este tema de la discriminaci\u00f3n&nbsp;debi\u00f3 aprovecharlo el gobernador no para&nbsp;pedirnos&nbsp;una oportunista y sumisa&nbsp;unidad&nbsp;incondicional&nbsp;en torno a&nbsp;Sheinbaum, sino para&nbsp;justificar los cambios que pretende a la Constituci\u00f3n local en la que nos ofrece que ser\u00e1 \u00fanica,&nbsp;intercultural y el reflejo de nuestra&nbsp;riqueza \u00e9tnica.&nbsp;El tema racial est\u00e1 m\u00e1s vigente que nunca&nbsp;y fue&nbsp;una oportunidad perdida para reivindicar la pluriculturalidad de los mexicanos.Visto as\u00ed, mi conclusi\u00f3n es que&nbsp;los cambios constitucionales&nbsp;pretendidos en&nbsp;lo local&nbsp;no tienen&nbsp;m\u00e1s objeto que&nbsp;endurecer&nbsp;la&nbsp;dominaci\u00f3n pol\u00edtica y econ\u00f3mica&nbsp;que ahora&nbsp;se ejerce desde la&nbsp;nueva religi\u00f3n de Estado, el partido Morena.&nbsp;La libertad de expresi\u00f3n est\u00e1 en riesgo a manos de la 4T.<\/p>\n\n\n\n<p>Pudo aprovechar esa fecha el gobernador para abordar el tema&nbsp;sobre&nbsp;la representaci\u00f3n de la diversidad racial en nuestra tierra, cuestionar los prejuicios raciales que a\u00fan quedan m\u00e1s de 200 a\u00f1os despu\u00e9s del primer presidente&nbsp;afromexicano&nbsp;para orientar un cambio&nbsp;en la construcci\u00f3n de la memoria hist\u00f3rica m\u00e1s cuando afirma&nbsp;que&nbsp;la primavera oaxaque\u00f1a&nbsp;lleg\u00f3 para&nbsp;\u201ccambiar la historia del pueblo\u201d.<\/p>\n\n\n\n<p>No solo el gobernador dej\u00f3 ir&nbsp;esta ocasi\u00f3n&nbsp;para abordar el legado de Vicente Guerrero desde&nbsp;otra perspectiva diferente a la ya gastada ret\u00f3rica sobre la frase \u201cla patria es primero\u201d. Su equipo de comunicaci\u00f3n social cometi\u00f3&nbsp;el&nbsp;error al difundir en las redes sociales oficiales una efem\u00e9rides con una imagen del general&nbsp;que m\u00e1s parece un occidental s\u00faper h\u00e9roe norteamericano de&nbsp;un c\u00f3mic de&nbsp;Marvel que un mexicano mulato&nbsp;h\u00e9roe de su patria.&nbsp;Esa imagen no hace m\u00e1s que acentuar la necedad de&nbsp;imponer a los mexicanos un&nbsp;estereotipo de belleza&nbsp;de hombre&nbsp;cauc\u00e1sico, con la quijada cuadrada, la cara delgada,&nbsp;la nariz recta&nbsp;y abundante melena. Vicente Guerrero,&nbsp;mulato, fue de tes morena, cabello chino, cara redonda y nariz aguile\u00f1a. Nunca&nbsp;se avergonz\u00f3 de su f\u00edsico&nbsp;y su origen.<\/p>\n\n\n\n<p>Dice la doctora Ballesteros&nbsp;que \u201cel origen africano de Guerrero es empleado como un insulto o como elementos f\u00edsicos que deben ser \u201cblanqueados\u201d.&nbsp;Ese error&nbsp;de la historiograf\u00eda criolla del siglo XIX lo repite hoy la primavera oaxaque\u00f1a, el gobierno del pueblo que,&nbsp;en el fondo,&nbsp;quisieran ser g\u00fceritos y de ojo azul.<\/p>\n\n\n\n<p>nestoryuri@yahoo.com<\/p>\n","protected":false},"excerpt":{"rendered":"<p>N\u00e9stor Y. S\u00e1nchez Islas Carlos Mar\u00eda de Bustamante, el ilustre periodista oaxaque\u00f1o que inicialmente hab\u00eda&hellip;<\/p>\n","protected":false},"author":2,"featured_media":67897,"comment_status":"closed","ping_status":"open","sticky":false,"template":"","format":"standard","meta":{"_lmt_disableupdate":"","_lmt_disable":"","_jetpack_memberships_contains_paid_content":false,"footnotes":""},"categories":[456,109],"tags":[3050],"class_list":["post-77888","post","type-post","status-publish","format-standard","has-post-thumbnail","hentry","category-columna","category-minuto-a-minuto","tag-nestor-yuri-sanchez"],"jetpack_featured_media_url":"https:\/\/zonaroja.com.mx\/wp-content\/uploads\/2024\/05\/Opinion-Nestor-Yuri-Sanchez.jpeg","jetpack_sharing_enabled":true,"_links":{"self":[{"href":"https:\/\/zonaroja.com.mx\/index.php?rest_route=\/wp\/v2\/posts\/77888","targetHints":{"allow":["GET"]}}],"collection":[{"href":"https:\/\/zonaroja.com.mx\/index.php?rest_route=\/wp\/v2\/posts"}],"about":[{"href":"https:\/\/zonaroja.com.mx\/index.php?rest_route=\/wp\/v2\/types\/post"}],"author":[{"embeddable":true,"href":"https:\/\/zonaroja.com.mx\/index.php?rest_route=\/wp\/v2\/users\/2"}],"replies":[{"embeddable":true,"href":"https:\/\/zonaroja.com.mx\/index.php?rest_route=%2Fwp%2Fv2%2Fcomments&post=77888"}],"version-history":[{"count":1,"href":"https:\/\/zonaroja.com.mx\/index.php?rest_route=\/wp\/v2\/posts\/77888\/revisions"}],"predecessor-version":[{"id":77889,"href":"https:\/\/zonaroja.com.mx\/index.php?rest_route=\/wp\/v2\/posts\/77888\/revisions\/77889"}],"wp:featuredmedia":[{"embeddable":true,"href":"https:\/\/zonaroja.com.mx\/index.php?rest_route=\/wp\/v2\/media\/67897"}],"wp:attachment":[{"href":"https:\/\/zonaroja.com.mx\/index.php?rest_route=%2Fwp%2Fv2%2Fmedia&parent=77888"}],"wp:term":[{"taxonomy":"category","embeddable":true,"href":"https:\/\/zonaroja.com.mx\/index.php?rest_route=%2Fwp%2Fv2%2Fcategories&post=77888"},{"taxonomy":"post_tag","embeddable":true,"href":"https:\/\/zonaroja.com.mx\/index.php?rest_route=%2Fwp%2Fv2%2Ftags&post=77888"}],"curies":[{"name":"wp","href":"https:\/\/api.w.org\/{rel}","templated":true}]}}