{"id":77890,"date":"2025-02-26T10:00:00","date_gmt":"2025-02-26T16:00:00","guid":{"rendered":"https:\/\/zonaroja.com.mx\/?p=77890"},"modified":"2025-02-26T08:32:59","modified_gmt":"2025-02-26T14:32:59","slug":"incremento-de-cobro-a-comercios-fue-en-trienio-de-martinez-neri-asegura-edil","status":"publish","type":"post","link":"https:\/\/zonaroja.com.mx\/?p=77890","title":{"rendered":"Incremento de cobro a comercios fue en trienio de Mart\u00ednez Neri, asegura edil"},"content":{"rendered":"\n<p>Redacci\u00f3n\/Zona Roja.<\/p>\n\n\n\n<p>Oaxaca de Ju\u00e1rez, Oax., a 26 de febrero de 2025.- El presidente municipal de Oaxaca de Ju\u00e1rez, Raymundo Chagoya, acept\u00f3 que hay un incremento en el cobro de continuaci\u00f3n de operaciones a comercios, en promedio de tres mil a 30 mil pesos.<\/p>\n\n\n\n<p>Sin embargo, expuso que fue avalado durante el trienio del tambi\u00e9n morenista Francisco Mart\u00ednez Neri y no durante su gesti\u00f3n; dijo que se ha reunido con responsables de hoteles y hostales de la capital oaxaque\u00f1a, para revisar los casos.&nbsp;<\/p>\n\n\n\n<p>En la conferencia de prensa de ayer, expuso que lo \u00fanico que se ha ajustado es el cobro a la recolecci\u00f3n de basura en establecimientos comerciales, ello para evitar la privatizaci\u00f3n de este servicio.&nbsp;<\/p>\n\n\n\n<p>\u201cNuestro gobierno municipal es de puertas abiertas y vamos a analizar caso por caso\u201d, respondi\u00f3.<\/p>\n\n\n\n<p>Abund\u00f3 que el gobierno que encabeza trabaja de forma coordinada con los gobiernos de la presidenta Claudia Sheinbaum y del gobernador Salom\u00f3n Jara.<\/p>\n\n\n\n<p>\u201cEstamos trabajando de manera integral para construir la ciudad segura que merecemos y que las vecinas y vecinos demandan, atacando las causas de la inseguridad, pero reforzando el combate a la delincuencia con inteligencia, energ\u00eda y determinaci\u00f3n\u201d, destac\u00f3.&nbsp;<\/p>\n\n\n\n<p>Respecto a la situaci\u00f3n la agencia de San Mart\u00edn de Mexicapam, donde se ha denunciado la presencia recurrente de la delincuencia, se ha decidido emprender acciones para reforzar la presencia policiaca en esta agencia.<\/p>\n\n\n\n<p>\u201cEste esfuerzo se est\u00e1 realizando en coordinaci\u00f3n con los gobiernos federal y estatal, as\u00ed como con los municipios vecinos, y son parte del Operativo Metropolitano que anunciamos hace algunas semanas\u201d, afirm\u00f3.&nbsp;<\/p>\n\n\n\n<p>En este sentido, dijo que en coordinaci\u00f3n con el Gobierno del Estado, al momento ya se instalaron 70 luminarias solares de alta eficiencia y 30 nuevos postes de iluminaci\u00f3n en la Avenida Central y su per\u00edmetro.<\/p>\n\n\n\n<p>Adem\u00e1s, se reforz\u00f3 el sistema con 25 luminarias LED de 100 watts, mejorando la visibilidad en zonas estrat\u00e9gicas.<\/p>\n\n\n\n<p>Se realizaron otras acciones conjuntas como la poda de \u00e1rboles para mejorar la visibilidad y prevenir riesgos. As\u00ed como bacheo y rehabilitaci\u00f3n vial en calles clave como Ju\u00e1rez Maza, Nu\u00f1o del Mercado, Avenida Central y Perif\u00e9rico, atendiendo m\u00e1s de 2 mil 330 metros lineales.<\/p>\n\n\n\n<p>Se instal\u00f3 tambi\u00e9n se\u00f1alizaci\u00f3n horizontal en mil 780 metros lineales para ordenar el tr\u00e1nsito, junto con siete nuevos pasos peatonales, as\u00ed como 3 mil 580 metros lineales de guarniciones rehabilitadas para un mejor entorno urbano.<\/p>\n","protected":false},"excerpt":{"rendered":"<p>Redacci\u00f3n\/Zona Roja. Oaxaca de Ju\u00e1rez, Oax., a 26 de febrero de 2025.- El presidente municipal&hellip;<\/p>\n","protected":false},"author":2,"featured_media":77891,"comment_status":"closed","ping_status":"open","sticky":false,"template":"","format":"standard","meta":{"_lmt_disableupdate":"","_lmt_disable":"","_jetpack_memberships_contains_paid_content":false,"footnotes":""},"categories":[109,46],"tags":[4142],"class_list":["post-77890","post","type-post","status-publish","format-standard","has-post-thumbnail","hentry","category-minuto-a-minuto","category-zona-blanca","tag-raymundo-chagoya"],"jetpack_featured_media_url":"https:\/\/zonaroja.com.mx\/wp-content\/uploads\/2025\/02\/Raymundo-Chagoya-3.jpeg","jetpack_sharing_enabled":true,"_links":{"self":[{"href":"https:\/\/zonaroja.com.mx\/index.php?rest_route=\/wp\/v2\/posts\/77890","targetHints":{"allow":["GET"]}}],"collection":[{"href":"https:\/\/zonaroja.com.mx\/index.php?rest_route=\/wp\/v2\/posts"}],"about":[{"href":"https:\/\/zonaroja.com.mx\/index.php?rest_route=\/wp\/v2\/types\/post"}],"author":[{"embeddable":true,"href":"https:\/\/zonaroja.com.mx\/index.php?rest_route=\/wp\/v2\/users\/2"}],"replies":[{"embeddable":true,"href":"https:\/\/zonaroja.com.mx\/index.php?rest_route=%2Fwp%2Fv2%2Fcomments&post=77890"}],"version-history":[{"count":1,"href":"https:\/\/zonaroja.com.mx\/index.php?rest_route=\/wp\/v2\/posts\/77890\/revisions"}],"predecessor-version":[{"id":77892,"href":"https:\/\/zonaroja.com.mx\/index.php?rest_route=\/wp\/v2\/posts\/77890\/revisions\/77892"}],"wp:featuredmedia":[{"embeddable":true,"href":"https:\/\/zonaroja.com.mx\/index.php?rest_route=\/wp\/v2\/media\/77891"}],"wp:attachment":[{"href":"https:\/\/zonaroja.com.mx\/index.php?rest_route=%2Fwp%2Fv2%2Fmedia&parent=77890"}],"wp:term":[{"taxonomy":"category","embeddable":true,"href":"https:\/\/zonaroja.com.mx\/index.php?rest_route=%2Fwp%2Fv2%2Fcategories&post=77890"},{"taxonomy":"post_tag","embeddable":true,"href":"https:\/\/zonaroja.com.mx\/index.php?rest_route=%2Fwp%2Fv2%2Ftags&post=77890"}],"curies":[{"name":"wp","href":"https:\/\/api.w.org\/{rel}","templated":true}]}}