{"id":77896,"date":"2025-02-26T12:00:00","date_gmt":"2025-02-26T18:00:00","guid":{"rendered":"https:\/\/zonaroja.com.mx\/?p=77896"},"modified":"2025-02-26T08:48:53","modified_gmt":"2025-02-26T14:48:53","slug":"revelan-excesos-fiestas-con-drogas-de-cuauhtemoc-blanco-acusado-de-violacion","status":"publish","type":"post","link":"https:\/\/zonaroja.com.mx\/?p=77896","title":{"rendered":"Revelan excesos, fiestas con drogas, de Cuauht\u00e9moc Blanco, acusado de violaci\u00f3n"},"content":{"rendered":"\n<p>Redacci\u00f3n\/Zona Roja Cdmx.<\/p>\n\n\n\n<p>Ciudad de M\u00e9xico, a 26 de febrero de 2025.- Cuauht\u00e9moc Blanco, exfutbolista del Am\u00e9rica y exgobernador de Morelos, enfrenta una denuncia por intento de una violaci\u00f3n por hechos que presuntamente ocurrieron a finales de 2023 en Casa Morelos (residencia oficial de gobierno) donde, afirman, se hac\u00edan fiestas y acud\u00edan otros exjugadores del Am\u00e9rica.<\/p>\n\n\n\n<p>La denuncia (carpeta de investigaci\u00f3n SC01\/9583\/2024) fue presentada en la Fiscal\u00eda General de Justicia del Estado de Morelos en octubre de 2024 por Nidia Fabiola, media hermana de Cuauht\u00e9moc Blanco que tuvo un cargo en la Secretar\u00eda de Desarrollo Econ\u00f3mico y del Trabajo durante su administraci\u00f3n como gobernador del estado.<\/p>\n\n\n\n<p>En su mandato, Cuauht\u00e9moc Blanco usaba ese inmueble para reuniones de trabajo y comidas con funcionarios; adem\u00e1s, all\u00ed vivieron sus medios hermanos.<\/p>\n\n\n\n<p>El pasado 10 de febrero, la denunciante dijo en entrevista con Ciro G\u00f3mez Leyva que fue a vivir a Casa Morelos porque la invit\u00f3 Cuauht\u00e9moc Blanco: \u201cHab\u00eda espacio para poderme quedar&#8230; Yo tard\u00e9 alg\u00fan tiempo en decidirme, la verdad no sab\u00eda si irme o no, y bueno, despu\u00e9s de un mes ya decid\u00ed a irme para all\u00e1\u201d.<\/p>\n\n\n\n<p>El periodista H\u00e9ctor de Maule\u00f3n cita en una columna documentos de la Fiscal\u00eda de Morelos, donde se relata que Cuauht\u00e9moc Blanco sol\u00eda ir a Casa Morelos cuando se peleaba con su pareja; Nidia se fue a vivir a esa residencia en 2022, mientras que Ulises Bravo Molina, otro medio hermano del exgobernador, lo hizo en 2023.<\/p>\n\n\n\n<p>\u201cLa casa no era usada como oficina m\u00e1s que raras veces. Seg\u00fan la denuncia de Nidia Fabiola, era en realidad el sal\u00f3n de fiestas del exfutbolista y su c\u00edrculo \u00edntimo\u201d, detalla de Maule\u00f3n.<\/p>\n\n\n\n<p>En ese \u201cc\u00edrculo \u00edntimo\u201d estaban otros familiares de Cuauht\u00e9moc Blanco, como su primo Edgar Riou P\u00e9rez y su pariente pol\u00edtico Abdiel Amirov Guerrero Rojas, as\u00ed como Germ\u00e1n Villa e Isaac Terrazas, exfutbolistas del Am\u00e9rica.<\/p>\n\n\n\n<p>Seg\u00fan el columnista, la denunciante relata que en las fiestas de Casa Morelos hab\u00eda \u201cpastillas o tachas\u201d, alcohol, mariguana, coca\u00edna y la presencia de trabajadoras sexuales: \u201cCuando Nidia Fabiola protest\u00f3 ante el hecho de que se usaran oficinas de gobierno para esa clase de fiestas, se rieron de ella\u201c.<\/p>\n\n\n\n<p>Isaac Terrazas estuvo en las fuerzas b\u00e1sicas del Am\u00e9rica entre 1991 y 2000, luego se fue en calidad de pr\u00e9stamo a los Halcones de Aguascalientes (Primera Divisi\u00f3n A) y se retir\u00f3 en la temporada 2006 con los Tiburones Rojos; Germ\u00e1n Villa tambi\u00e9n jug\u00f3 con las \u2018\u00c1guilas\u2019 en esa \u00e9poca: debut\u00f3 con el club en 1991, fue seleccionado nacional en Francia 1998 y Corea-Jap\u00f3n 2002, se retir\u00f3 en 2010 con el Quer\u00e9taro.<\/p>\n\n\n\n<p>En 2019, ambos comenzaron a trabajar con Cuauht\u00e9moc Blanco como encargados del Instituto del Deporte y Cultura F\u00edsica de Morelos, Villa obtuvo el cargo de Director Estatal.<\/p>\n\n\n\n<p>LA ACUSACI\u00d3N<\/p>\n\n\n\n<p>El presunto intento de violaci\u00f3n contra Nidia Fabiola ocurri\u00f3 el 14 de diciembre de 2023, cuando se se\u00f1ala que el exgobernador fue a la habitaci\u00f3n de su media hermana durante una de sus fiestas y estaba en estado de ebriedad.<\/p>\n\n\n\n<p>\u201cEl entonces gobernador de Morelos, ebrio, con los ojos enrojecidos y una violencia verbal irreproducible, arroj\u00f3 a Nidia a la cama e intent\u00f3 despojarla de la ropa. Fueron entre cuatro y seis minutos de gritos, golpes, forcejeos. Ella logr\u00f3 apartarlo y pedir ayuda a gritos. Blanco se retir\u00f3 furioso. Su v\u00edctima pas\u00f3 la noche llorando, temblando, mientras abajo la fiesta corr\u00eda hasta las siete de la ma\u00f1ana\u201d, relata de Maule\u00f3n.<\/p>\n\n\n\n<p>Nidia expres\u00f3 a Ciro G\u00f3mez Leyva que le cost\u00f3 procesar dichos sucesos: \u201cLa verdad ha sido muy dif\u00edcil, la verdad s\u00ed entr\u00e9 en un tipo shock, no sab\u00eda qu\u00e9 hacer, no sab\u00eda qu\u00e9 pas\u00f3, hasta la fecha no lo s\u00e9 y por eso fue que me tard\u00e9 en hacer todo esto&#8230; no lo hab\u00eda platicado a nadie, a mi familia tampoco, entonces fue poco a poco que yo fui decidi\u00e9ndome ante esta situaci\u00f3n, lamentablemente uno se queda callado por miedo, iba a ser mi caso, pero decid\u00ed que no\u201d.<\/p>\n\n\n\n<p>Blanco ha negado los se\u00f1alamientos en su contra, neg\u00f3 ser familiar de Nidia y la acus\u00f3 de extorsi\u00f3n (supuestamente le exige un mill\u00f3n de pesos por quitar la denuncia).<\/p>\n\n\n\n<p>El actual diputado federal dijo en d\u00edas pasados que presentar\u00e1 una iniciativa para que los hombres se defiendan de acusaciones infundadas de abuso sexual: \u201cLa voy a preparar ah\u00ed, para que nosotros nos defendamos tambi\u00e9n. No se vale, no se vale lo que est\u00e1n haciendo hacia mi persona, destruyendo mi imagen&#8230; Yo tengo dos ni\u00f1as, tengo una madre, realmente lo que se me acusa es totalmente mentira; entonces voy a seguir luchando, porque eso le puede pasar a cualquiera de ustedes; entonces tambi\u00e9n hay que meter alguna iniciativa para defendernos los hombres tambi\u00e9n\u201d.<\/p>\n\n\n\n<p>La Fiscal\u00eda de Morelos solicit\u00f3 a la C\u00e1mara de Diputados su desafuero.<\/p>\n\n\n\n<p>(Informaci\u00f3n de \u201cEl Financiero\u201d)<\/p>\n","protected":false},"excerpt":{"rendered":"<p>Redacci\u00f3n\/Zona Roja Cdmx. Ciudad de M\u00e9xico, a 26 de febrero de 2025.- Cuauht\u00e9moc Blanco, exfutbolista&hellip;<\/p>\n","protected":false},"author":2,"featured_media":77897,"comment_status":"closed","ping_status":"open","sticky":false,"template":"","format":"standard","meta":{"_lmt_disableupdate":"","_lmt_disable":"","_jetpack_memberships_contains_paid_content":false,"footnotes":""},"categories":[109,47],"tags":[4231],"class_list":["post-77896","post","type-post","status-publish","format-standard","has-post-thumbnail","hentry","category-minuto-a-minuto","category-zona-gris","tag-cuahutemoc-blanco"],"jetpack_featured_media_url":"https:\/\/zonaroja.com.mx\/wp-content\/uploads\/2025\/02\/Cuauhtemoc-Blanco.jpg","jetpack_sharing_enabled":true,"_links":{"self":[{"href":"https:\/\/zonaroja.com.mx\/index.php?rest_route=\/wp\/v2\/posts\/77896","targetHints":{"allow":["GET"]}}],"collection":[{"href":"https:\/\/zonaroja.com.mx\/index.php?rest_route=\/wp\/v2\/posts"}],"about":[{"href":"https:\/\/zonaroja.com.mx\/index.php?rest_route=\/wp\/v2\/types\/post"}],"author":[{"embeddable":true,"href":"https:\/\/zonaroja.com.mx\/index.php?rest_route=\/wp\/v2\/users\/2"}],"replies":[{"embeddable":true,"href":"https:\/\/zonaroja.com.mx\/index.php?rest_route=%2Fwp%2Fv2%2Fcomments&post=77896"}],"version-history":[{"count":1,"href":"https:\/\/zonaroja.com.mx\/index.php?rest_route=\/wp\/v2\/posts\/77896\/revisions"}],"predecessor-version":[{"id":77898,"href":"https:\/\/zonaroja.com.mx\/index.php?rest_route=\/wp\/v2\/posts\/77896\/revisions\/77898"}],"wp:featuredmedia":[{"embeddable":true,"href":"https:\/\/zonaroja.com.mx\/index.php?rest_route=\/wp\/v2\/media\/77897"}],"wp:attachment":[{"href":"https:\/\/zonaroja.com.mx\/index.php?rest_route=%2Fwp%2Fv2%2Fmedia&parent=77896"}],"wp:term":[{"taxonomy":"category","embeddable":true,"href":"https:\/\/zonaroja.com.mx\/index.php?rest_route=%2Fwp%2Fv2%2Fcategories&post=77896"},{"taxonomy":"post_tag","embeddable":true,"href":"https:\/\/zonaroja.com.mx\/index.php?rest_route=%2Fwp%2Fv2%2Ftags&post=77896"}],"curies":[{"name":"wp","href":"https:\/\/api.w.org\/{rel}","templated":true}]}}