{"id":7790,"date":"2020-01-18T10:09:14","date_gmt":"2020-01-18T16:09:14","guid":{"rendered":"http:\/\/www.zonaroja.com.mx\/?p=7790"},"modified":"2020-01-18T10:09:17","modified_gmt":"2020-01-18T16:09:17","slug":"ejecutan-a-funcionario-de-la-fiscalia-general-de-oaxaca-en-la-region-cuenca","status":"publish","type":"post","link":"https:\/\/zonaroja.com.mx\/?p=7790","title":{"rendered":"Ejecutan a funcionario de la Fiscal\u00eda General de Oaxaca en la regi\u00f3n Cuenca"},"content":{"rendered":"\n<p>Redacci\u00f3n\/Zona\nRoja.<\/p>\n\n\n\n<p>Oaxaca de\nJu\u00e1rez, Oax., 18 de enero de 2020.- En el estacionamiento de una plaza\ncomercial de San Juan Bautista Tuxtepec fue asesinado esta ma\u00f1ana el subdirector\ndel Instituto de Servicios Periciales de la Vicefiscal\u00eda Regional de la Cuenca.<\/p>\n\n\n\n<p>El m\u00e9dico\nlegista de la Fiscal\u00eda General del Estado fue identificado como Cristian Soto Palma,\nde aproximadamente 38 a\u00f1os de edad, indic\u00f3 el reporte preliminar de las\nautoridades policiacas.<\/p>\n\n\n\n<p>El hecho violento se registr\u00f3 antes de las 09:00 horas en el estacionamiento de la plaza comercial que comparten Chedraui y Cin\u00e9polis, ubicado sobre el bulevar Benito Ju\u00e1rez.<\/p>\n\n\n\n<figure class=\"wp-block-image\"><img decoding=\"async\" width=\"1024\" height=\"569\" src=\"http:\/\/www.zonaroja.com.mx\/wp-content\/uploads\/2020\/01\/Ejecutado-Tuxtepec-18ene-1-1024x569.jpg\" alt=\"\" class=\"wp-image-7791\" srcset=\"https:\/\/zonaroja.com.mx\/wp-content\/uploads\/2020\/01\/Ejecutado-Tuxtepec-18ene-1.jpg 1024w, https:\/\/zonaroja.com.mx\/wp-content\/uploads\/2020\/01\/Ejecutado-Tuxtepec-18ene-1-300x167.jpg 300w, https:\/\/zonaroja.com.mx\/wp-content\/uploads\/2020\/01\/Ejecutado-Tuxtepec-18ene-1-768x427.jpg 768w, https:\/\/zonaroja.com.mx\/wp-content\/uploads\/2020\/01\/Ejecutado-Tuxtepec-18ene-1-585x325.jpg 585w\" sizes=\"(max-width: 1024px) 100vw, 1024px\" \/><\/figure>\n\n\n\n<p>La v\u00edctima\nqued\u00f3 sin vida al interior de una camioneta de doble cabina de color plata y\nquien adem\u00e1s a\u00fan portaba el uniforme de la Fiscal\u00eda General de Oaxaca.<\/p>\n\n\n\n<p>La zona fue\nacordonada por elementos de seguridad de la Polic\u00eda Municipal y Estatal.<\/p>\n\n\n\n<p>En el transcurso de esta semana se registraron diversos hechos violentos en el centro de Tuxtepec y comunidades de este municipio, donde al menos en una semana se han registrado siete v\u00edctimas mortales por disparos de arma de fuego.<\/p>\n\n\n\n<p>A trav\u00e9s de las redes sociales, la Fiscalia General confirm\u00f3 el asesinato del funcionario.<\/p>\n","protected":false},"excerpt":{"rendered":"<p>Redacci\u00f3n\/Zona Roja. Oaxaca de Ju\u00e1rez, Oax., 18 de enero de 2020.- En el estacionamiento de&hellip;<\/p>\n","protected":false},"author":2,"featured_media":7792,"comment_status":"closed","ping_status":"open","sticky":false,"template":"","format":"standard","meta":{"_lmt_disableupdate":"","_lmt_disable":"","_jetpack_memberships_contains_paid_content":false,"footnotes":""},"categories":[109,51],"tags":[1293,147],"class_list":["post-7790","post","type-post","status-publish","format-standard","has-post-thumbnail","hentry","category-minuto-a-minuto","category-zona-roja","tag-cristian-soto-palma","tag-vicefiscalia-regional-del-istmo"],"jetpack_featured_media_url":"https:\/\/zonaroja.com.mx\/wp-content\/uploads\/2020\/01\/Ejecutado-Tuxtepec-18ene-2.jpg","jetpack_sharing_enabled":true,"_links":{"self":[{"href":"https:\/\/zonaroja.com.mx\/index.php?rest_route=\/wp\/v2\/posts\/7790","targetHints":{"allow":["GET"]}}],"collection":[{"href":"https:\/\/zonaroja.com.mx\/index.php?rest_route=\/wp\/v2\/posts"}],"about":[{"href":"https:\/\/zonaroja.com.mx\/index.php?rest_route=\/wp\/v2\/types\/post"}],"author":[{"embeddable":true,"href":"https:\/\/zonaroja.com.mx\/index.php?rest_route=\/wp\/v2\/users\/2"}],"replies":[{"embeddable":true,"href":"https:\/\/zonaroja.com.mx\/index.php?rest_route=%2Fwp%2Fv2%2Fcomments&post=7790"}],"version-history":[{"count":1,"href":"https:\/\/zonaroja.com.mx\/index.php?rest_route=\/wp\/v2\/posts\/7790\/revisions"}],"predecessor-version":[{"id":7793,"href":"https:\/\/zonaroja.com.mx\/index.php?rest_route=\/wp\/v2\/posts\/7790\/revisions\/7793"}],"wp:featuredmedia":[{"embeddable":true,"href":"https:\/\/zonaroja.com.mx\/index.php?rest_route=\/wp\/v2\/media\/7792"}],"wp:attachment":[{"href":"https:\/\/zonaroja.com.mx\/index.php?rest_route=%2Fwp%2Fv2%2Fmedia&parent=7790"}],"wp:term":[{"taxonomy":"category","embeddable":true,"href":"https:\/\/zonaroja.com.mx\/index.php?rest_route=%2Fwp%2Fv2%2Fcategories&post=7790"},{"taxonomy":"post_tag","embeddable":true,"href":"https:\/\/zonaroja.com.mx\/index.php?rest_route=%2Fwp%2Fv2%2Ftags&post=7790"}],"curies":[{"name":"wp","href":"https:\/\/api.w.org\/{rel}","templated":true}]}}