{"id":77902,"date":"2025-02-26T18:44:19","date_gmt":"2025-02-27T00:44:19","guid":{"rendered":"https:\/\/zonaroja.com.mx\/?p=77902"},"modified":"2025-02-26T19:46:15","modified_gmt":"2025-02-27T01:46:15","slug":"lleva-consejeria-juridica-a-la-uabjo-debate-sobre-nueva-constitucion","status":"publish","type":"post","link":"https:\/\/zonaroja.com.mx\/?p=77902","title":{"rendered":"Lleva Consejer\u00eda Jur\u00eddica a la UABJO debate sobre nueva Constituci\u00f3n\u00a0"},"content":{"rendered":"\n<p>Redacci\u00f3n\/Zona Roja.<\/p>\n\n\n\n<p>Oaxaca de Ju\u00e1rez, Oax., 26 de febrero de 2025.- Ante la comunidad de la Universidad Aut\u00f3noma Benito Ju\u00e1rez de Oaxaca (UABJO), el titular de la Consejer\u00eda Jur\u00eddica y Asistencia Legal del Gobierno del Estado, Geovany V\u00e1squez Sagrero, se\u00f1al\u00f3 que la nueva Carta Magna ser\u00e1 un legado hist\u00f3rico del pueblo oaxaque\u00f1o que preservar\u00e1 y fortalecer\u00e1 los valores de justicia, igualdad, y el respeto a los derechos humanos.<\/p>\n\n\n\n<p>Lo anterior, al asistir en representaci\u00f3n del Gobernador Salom\u00f3n Jara Cruz al Encuentro Informativo y de Participaci\u00f3n Social y Ciudadana, a cargo de la Comisi\u00f3n Estatal para la Conmemoraci\u00f3n del Bicentenario de la Primera Constituci\u00f3n del Estado Libre y Soberano de Oaxaca.<\/p>\n\n\n\n<p>\u201cEstamos en una coyuntura hist\u00f3rica, donde todas y todos los participantes de estos foros dejar\u00e1n un testimonio, un legado constitucional y metodol\u00f3gico para futuras generaciones\u201d, afirm\u00f3 ante representantes de los tres niveles de gobierno, profesionales con doctorado, maestr\u00eda y con licenciatura en Derecho.<\/p>\n\n\n\n<p>Luego de abordar la Historia de las Constituciones de Oaxaca y Propuestas de Reforma a la Constituci\u00f3n de 1922, V\u00e1squez Sagrero asever\u00f3 que en este ejercicio se est\u00e1n recabando todas las expresiones que permitir\u00e1n contar con una Carta Magna intercultural, acorde a los desaf\u00edos del presente y futuro.<\/p>\n\n\n\n<p>De esta manera, destac\u00f3 la herencia Juarista de estas din\u00e1micas, al se\u00f1alar que la soberan\u00eda reside \u00fanica y esencialmente en el pueblo, de quien emana el poder y es quien tiene el inalienable derecho de transformarlo.<\/p>\n\n\n\n<p>En su oportunidad, el secretario T\u00e9cnico de esta Comisi\u00f3n Estatal, Ra\u00fal \u00c1vila Ortiz, destac\u00f3 el inter\u00e9s y la sensibilidad pol\u00edtica de la ciudadan\u00eda que se ha reflejado en los foros locales y regionales.<\/p>\n\n\n\n<p>Por su parte, el rector de la UABJO, Cristian Eder Carre\u00f1o L\u00f3pez refrend\u00f3 la aportaci\u00f3n de la M\u00e1xima Casa de Estudios para sumar su visi\u00f3n cr\u00edtica y libre a esta nueva Constituci\u00f3n.<\/p>\n\n\n\n<p>En este encuentro, especialistas en materia de derecho, acad\u00e9micos, representantes de los tres niveles de gobierno, estudiantes y docentes de la UABJO, debatieron en torno al Gobierno Municipal, de cara a la creaci\u00f3n de una nueva constituci\u00f3n para la entidad.<\/p>\n\n\n\n<p>Entre las propuestas se destac\u00f3 que la nueva Carta Magna obligue a la creaci\u00f3n de una plataforma digital de transparencia y justicia administrativa, donde todas las autoridades municipales rindan cuentas y el pueblo en general tenga acceso a ella.<\/p>\n\n\n\n<p>Tambi\u00e9n se propuso la creaci\u00f3n de un Gerente Municipal que funja por cuatro a\u00f1os con opci\u00f3n de reelecci\u00f3n, para que sea vigilante de la ejecuci\u00f3n de los recursos y planeaci\u00f3n de las obras que quedan inconclusas debido a los cambios de administraci\u00f3n.<\/p>\n\n\n\n<p>Asimismo, se propuso modificar el Art\u00edculo 3 Constitucional, el cual establece el derecho de informaci\u00f3n p\u00fablica y obligaci\u00f3n de los municipios a rendir cuentas, para que las asambleas de los ayuntamientos tengan valor de rendici\u00f3n de cuentas a nivel constitucional.<\/p>\n","protected":false},"excerpt":{"rendered":"<p>Redacci\u00f3n\/Zona Roja. Oaxaca de Ju\u00e1rez, Oax., 26 de febrero de 2025.- Ante la comunidad de&hellip;<\/p>\n","protected":false},"author":2,"featured_media":77903,"comment_status":"closed","ping_status":"open","sticky":false,"template":"","format":"standard","meta":{"_lmt_disableupdate":"","_lmt_disable":"","_jetpack_memberships_contains_paid_content":false,"footnotes":""},"categories":[109,46],"tags":[3435],"class_list":["post-77902","post","type-post","status-publish","format-standard","has-post-thumbnail","hentry","category-minuto-a-minuto","category-zona-blanca","tag-consejeria-juridica-gobierno-del-estado"],"jetpack_featured_media_url":"https:\/\/zonaroja.com.mx\/wp-content\/uploads\/2025\/02\/Nueva-Constitucion-local-sera-un-legado-historico-del-pueblo-oaxaqueno-2.jpeg","jetpack_sharing_enabled":true,"_links":{"self":[{"href":"https:\/\/zonaroja.com.mx\/index.php?rest_route=\/wp\/v2\/posts\/77902","targetHints":{"allow":["GET"]}}],"collection":[{"href":"https:\/\/zonaroja.com.mx\/index.php?rest_route=\/wp\/v2\/posts"}],"about":[{"href":"https:\/\/zonaroja.com.mx\/index.php?rest_route=\/wp\/v2\/types\/post"}],"author":[{"embeddable":true,"href":"https:\/\/zonaroja.com.mx\/index.php?rest_route=\/wp\/v2\/users\/2"}],"replies":[{"embeddable":true,"href":"https:\/\/zonaroja.com.mx\/index.php?rest_route=%2Fwp%2Fv2%2Fcomments&post=77902"}],"version-history":[{"count":1,"href":"https:\/\/zonaroja.com.mx\/index.php?rest_route=\/wp\/v2\/posts\/77902\/revisions"}],"predecessor-version":[{"id":77904,"href":"https:\/\/zonaroja.com.mx\/index.php?rest_route=\/wp\/v2\/posts\/77902\/revisions\/77904"}],"wp:featuredmedia":[{"embeddable":true,"href":"https:\/\/zonaroja.com.mx\/index.php?rest_route=\/wp\/v2\/media\/77903"}],"wp:attachment":[{"href":"https:\/\/zonaroja.com.mx\/index.php?rest_route=%2Fwp%2Fv2%2Fmedia&parent=77902"}],"wp:term":[{"taxonomy":"category","embeddable":true,"href":"https:\/\/zonaroja.com.mx\/index.php?rest_route=%2Fwp%2Fv2%2Fcategories&post=77902"},{"taxonomy":"post_tag","embeddable":true,"href":"https:\/\/zonaroja.com.mx\/index.php?rest_route=%2Fwp%2Fv2%2Ftags&post=77902"}],"curies":[{"name":"wp","href":"https:\/\/api.w.org\/{rel}","templated":true}]}}