{"id":77905,"date":"2025-02-26T20:31:41","date_gmt":"2025-02-27T02:31:41","guid":{"rendered":"https:\/\/zonaroja.com.mx\/?p=77905"},"modified":"2025-02-26T20:31:43","modified_gmt":"2025-02-27T02:31:43","slug":"sin-solucion-aun-protesta-de-la-policia-estatal-de-oaxaca","status":"publish","type":"post","link":"https:\/\/zonaroja.com.mx\/?p=77905","title":{"rendered":"Sin soluci\u00f3n a\u00fan, protesta de la Polic\u00eda Estatal de Oaxaca"},"content":{"rendered":"\n<p>Ismael Garc\u00eda M.\/Zona Roja.<\/p>\n\n\n\n<p>Oaxaca de Ju\u00e1rez, Oax., a 26 de febrero de 2025.- A m\u00e1s de 12 horas de iniciada la protesta, hasta esta noche contin\u00faa la inconformidad de elementos de la Polic\u00eda Estatal de Oaxaca.<\/p>\n\n\n\n<p>Poco despu\u00e9s de las 18:00 horas, representantes del Secretariado Ejecutivo del Sistema Estatal de Seguridad P\u00fablica y de la Secretar\u00eda de Seguridad y Protecci\u00f3n Ciudadana reanudaron las pl\u00e1ticas con los elementos, sin alcanzar acuerdos a\u00fan.<\/p>\n\n\n\n<p>Fue poco despu\u00e9s de las ocho de la ma\u00f1ana en que inici\u00f3 la concentraci\u00f3n de m\u00e1s de 300 polic\u00edas en el Cuartel Estatal ubicado en jurisdicci\u00f3n de Santa Mar\u00eda Coyotepec, en rechazo a la supuesta pretensi\u00f3n de realizar despidos de quienes no pasaron el examen de control y confianza.<\/p>\n\n\n\n<p>Dos horas despu\u00e9s arrib\u00f3 la titular del Secretariado Ejecutivo, Karina Bar\u00f3n Ortiz, para escuchar las demandas y precisar que no hab\u00eda alguna situaci\u00f3n de despido sino una \u201cconfusi\u00f3n\u201d por circulares que se enviaron desde la Secretar\u00eda de Seguridad respecto a la situaci\u00f3n del personal policiaco.<\/p>\n\n\n\n<p>Pero a esa inconformidad, los uniformados le agregaron quejas sobre haberes pendientes, como los vi\u00e1ticos; equipamiento, uniformes y hasta la renuncia del Comisionado de la Polic\u00eda Estatal, Pl\u00e1cido Jarqu\u00edn.<\/p>\n\n\n\n<p>Al mediod\u00eda se decreto un receso y por la tarde reanudaron las pl\u00e1ticas, pues los polic\u00edas quieren documentos firmados por titulares de las \u00e1reas, donde se constate que no habr\u00e1 ni despidos ni represi\u00f3n, adem\u00e1s de plazos para cubrir las demandas pendientes.<\/p>\n\n\n\n<p>En la conferencia de prensa del gabinete de seguridad, Karina Bar\u00f3n neg\u00f3 que haya la intenci\u00f3n de despidos y que hubiera un paro de labores; dijo que de manera abierta se atendi\u00f3 a los inconformes para aclarar todas sus dudas.<\/p>\n\n\n\n<p>Hasta esta noche, contin\u00faa la reuni\u00f3n en el Cuartel Estatal.<\/p>\n\n\n\n<p>HAY SEGURIDAD<\/p>\n\n\n\n<p>Por otra parte, en un comunicado, la Secretar\u00eda de Seguridad y Protecci\u00f3n Ciudadana inform\u00f3 que mantiene vigilancia y patrullajes en las ocho regiones del estado, en el marco de la protesta que realizan elementos de la Polic\u00eda Estatal en el cuartel ubicado en Santa Mar\u00eda Coyotepec.<\/p>\n\n\n\n<p>\u201cA trav\u00e9s de la colaboraci\u00f3n con la Secretar\u00eda de la Defensa Nacional (Defensa), Secretar\u00eda de Marina (Semar), Guardia Nacional (GN) y polic\u00edas municipales se garantiza la seguridad a la poblaci\u00f3n oaxaque\u00f1a, adem\u00e1s de la atenci\u00f3n a los reportes generados en el N\u00famero de Emergencias 9-1-1\u201d.<\/p>\n\n\n\n<p>Expuso que el Gobierno del Estado mantiene abierta la v\u00eda del di\u00e1logo con el cuerpo polic\u00edaco, brindando atenci\u00f3n a sus demandas en un marco de respeto y legalidad, con la firme convicci\u00f3n de que el acuerdo mutuo es la v\u00eda para alcanzar soluciones en beneficio de las partes involucradas.&nbsp;<\/p>\n\n\n\n<p>\u201cLa SSPC reafirma su compromiso de trabajar a favor de la seguridad y tranquilidad de la poblaci\u00f3n, garantizando el orden y el bienestar social\u201d.<\/p>\n","protected":false},"excerpt":{"rendered":"<p>Ismael Garc\u00eda M.\/Zona Roja. Oaxaca de Ju\u00e1rez, Oax., a 26 de febrero de 2025.- A&hellip;<\/p>\n","protected":false},"author":2,"featured_media":77906,"comment_status":"closed","ping_status":"open","sticky":false,"template":"","format":"standard","meta":{"_lmt_disableupdate":"","_lmt_disable":"","_jetpack_memberships_contains_paid_content":false,"footnotes":""},"categories":[109,47],"tags":[984],"class_list":["post-77905","post","type-post","status-publish","format-standard","has-post-thumbnail","hentry","category-minuto-a-minuto","category-zona-gris","tag-policia-estatal-de-oaxaca"],"jetpack_featured_media_url":"https:\/\/zonaroja.com.mx\/wp-content\/uploads\/2025\/02\/Paro-Policia-Estatal-de-Oaxaca.jpeg","jetpack_sharing_enabled":true,"_links":{"self":[{"href":"https:\/\/zonaroja.com.mx\/index.php?rest_route=\/wp\/v2\/posts\/77905","targetHints":{"allow":["GET"]}}],"collection":[{"href":"https:\/\/zonaroja.com.mx\/index.php?rest_route=\/wp\/v2\/posts"}],"about":[{"href":"https:\/\/zonaroja.com.mx\/index.php?rest_route=\/wp\/v2\/types\/post"}],"author":[{"embeddable":true,"href":"https:\/\/zonaroja.com.mx\/index.php?rest_route=\/wp\/v2\/users\/2"}],"replies":[{"embeddable":true,"href":"https:\/\/zonaroja.com.mx\/index.php?rest_route=%2Fwp%2Fv2%2Fcomments&post=77905"}],"version-history":[{"count":1,"href":"https:\/\/zonaroja.com.mx\/index.php?rest_route=\/wp\/v2\/posts\/77905\/revisions"}],"predecessor-version":[{"id":77907,"href":"https:\/\/zonaroja.com.mx\/index.php?rest_route=\/wp\/v2\/posts\/77905\/revisions\/77907"}],"wp:featuredmedia":[{"embeddable":true,"href":"https:\/\/zonaroja.com.mx\/index.php?rest_route=\/wp\/v2\/media\/77906"}],"wp:attachment":[{"href":"https:\/\/zonaroja.com.mx\/index.php?rest_route=%2Fwp%2Fv2%2Fmedia&parent=77905"}],"wp:term":[{"taxonomy":"category","embeddable":true,"href":"https:\/\/zonaroja.com.mx\/index.php?rest_route=%2Fwp%2Fv2%2Fcategories&post=77905"},{"taxonomy":"post_tag","embeddable":true,"href":"https:\/\/zonaroja.com.mx\/index.php?rest_route=%2Fwp%2Fv2%2Ftags&post=77905"}],"curies":[{"name":"wp","href":"https:\/\/api.w.org\/{rel}","templated":true}]}}