{"id":77908,"date":"2025-02-26T21:38:15","date_gmt":"2025-02-27T03:38:15","guid":{"rendered":"https:\/\/zonaroja.com.mx\/?p=77908"},"modified":"2025-02-26T21:38:17","modified_gmt":"2025-02-27T03:38:17","slug":"reconoce-morena-respaldo-de-presidenta-sheinbaum-a-oaxaca","status":"publish","type":"post","link":"https:\/\/zonaroja.com.mx\/?p=77908","title":{"rendered":"Reconoce Morena respaldo de Presidenta Sheinbaum a Oaxaca"},"content":{"rendered":"\n<p>Redacci\u00f3n\/Zona Roja.<\/p>\n\n\n\n<p>Oaxaca de Ju\u00e1rez, Oax., a 26 de febrero de 2025.- El partido Morena en Oaxaca celebr\u00f3 el anuncio realizado este d\u00eda por la Presidenta de M\u00e9xico, Claudia Sheinbaum Pardo, sobre el inicio del \u201cPrograma Carretero de Oaxaca\u201d, que proyecta la intervenci\u00f3n de 904 kil\u00f3metros de vialidad<\/p>\n\n\n\n<p>Con esta noticia, queda claro que la palabra de la Presidenta se cumple, y que los compromisos en este Segundo Piso de la Cuarta Transformaci\u00f3n atienden las necesidades prioritarias de los pueblos oaxaque\u00f1os.<\/p>\n\n\n\n<p>Esta acci\u00f3n, que contempla una inversi\u00f3n de 5 mil 986 millones de pesos a partir del mes de abril, representar\u00e1 desarrollo para los municipios y comunidades de la Mixteca de Oaxaca, que adem\u00e1s forma parte de los trabajos de la Comisi\u00f3n General L\u00e1zaro C\u00e1rdenas del R\u00edo, cuya operatividad fue anunciada por la Mandataria Federal en su \u00faltima visita a la entidad.<\/p>\n\n\n\n<p>De esta manera, la visi\u00f3n humanista del Gobierno emanado de Morena avanza con su objetivo de garantizar a las poblaciones, que por a\u00f1os estuvieron m\u00e1s desprotegidas, el derecho a la movilidad, y con ello, facilitar el acceso a otros derechos como la salud, la educaci\u00f3n, el trabajo y otros.&nbsp;<\/p>\n\n\n\n<p>Estos trabajos contemplan la intervenci\u00f3n de 8 tramos carreteros en municipios de la Mixteca oaxaque\u00f1a que son: 88 km de Nochixtl\u00e1n a Huajuapan; 121 km de Tehuacan \u2013 Huajaupan; 167 km de Huajuapan \u2013Silacayoapan; 131 km de Huajuapan-Putla Villa de Guerrero; 116 de km Juxtlahuaca \u2013 Tlapa; 31 km de San Juan Mixtepec \u2013Juxtlahuaca; 138 km de Putla Villa de Guerrero \u2013Pinotepa Nacional y 40 km de San Mart\u00edn Peras \u2013 Chilixtlahuaca.<\/p>\n","protected":false},"excerpt":{"rendered":"<p>Redacci\u00f3n\/Zona Roja. Oaxaca de Ju\u00e1rez, Oax., a 26 de febrero de 2025.- El partido Morena&hellip;<\/p>\n","protected":false},"author":2,"featured_media":75327,"comment_status":"closed","ping_status":"open","sticky":false,"template":"","format":"standard","meta":{"_lmt_disableupdate":"","_lmt_disable":"","_jetpack_memberships_contains_paid_content":false,"footnotes":""},"categories":[109,46],"tags":[3370],"class_list":["post-77908","post","type-post","status-publish","format-standard","has-post-thumbnail","hentry","category-minuto-a-minuto","category-zona-blanca","tag-claudia-sheinbaum"],"jetpack_featured_media_url":"https:\/\/zonaroja.com.mx\/wp-content\/uploads\/2024\/12\/Salomon-Jara-y-Claudia-Sheinbaum.jpeg","jetpack_sharing_enabled":true,"_links":{"self":[{"href":"https:\/\/zonaroja.com.mx\/index.php?rest_route=\/wp\/v2\/posts\/77908","targetHints":{"allow":["GET"]}}],"collection":[{"href":"https:\/\/zonaroja.com.mx\/index.php?rest_route=\/wp\/v2\/posts"}],"about":[{"href":"https:\/\/zonaroja.com.mx\/index.php?rest_route=\/wp\/v2\/types\/post"}],"author":[{"embeddable":true,"href":"https:\/\/zonaroja.com.mx\/index.php?rest_route=\/wp\/v2\/users\/2"}],"replies":[{"embeddable":true,"href":"https:\/\/zonaroja.com.mx\/index.php?rest_route=%2Fwp%2Fv2%2Fcomments&post=77908"}],"version-history":[{"count":1,"href":"https:\/\/zonaroja.com.mx\/index.php?rest_route=\/wp\/v2\/posts\/77908\/revisions"}],"predecessor-version":[{"id":77909,"href":"https:\/\/zonaroja.com.mx\/index.php?rest_route=\/wp\/v2\/posts\/77908\/revisions\/77909"}],"wp:featuredmedia":[{"embeddable":true,"href":"https:\/\/zonaroja.com.mx\/index.php?rest_route=\/wp\/v2\/media\/75327"}],"wp:attachment":[{"href":"https:\/\/zonaroja.com.mx\/index.php?rest_route=%2Fwp%2Fv2%2Fmedia&parent=77908"}],"wp:term":[{"taxonomy":"category","embeddable":true,"href":"https:\/\/zonaroja.com.mx\/index.php?rest_route=%2Fwp%2Fv2%2Fcategories&post=77908"},{"taxonomy":"post_tag","embeddable":true,"href":"https:\/\/zonaroja.com.mx\/index.php?rest_route=%2Fwp%2Fv2%2Ftags&post=77908"}],"curies":[{"name":"wp","href":"https:\/\/api.w.org\/{rel}","templated":true}]}}