{"id":77910,"date":"2025-02-27T07:15:00","date_gmt":"2025-02-27T13:15:00","guid":{"rendered":"https:\/\/zonaroja.com.mx\/?p=77910"},"modified":"2025-02-27T06:31:42","modified_gmt":"2025-02-27T12:31:42","slug":"amenazan-policias-de-oaxaca-con-prolongar-el-paro-una-semana","status":"publish","type":"post","link":"https:\/\/zonaroja.com.mx\/?p=77910","title":{"rendered":"Amenazan polic\u00edas de Oaxaca con prolongar el paro una semana"},"content":{"rendered":"\n<p>Raymundo Morales\/Zona Roja.<\/p>\n\n\n\n<p>Oaxaca de Ju\u00e1rez, Oax., a 27 de febrero de 2025.- Sin acuerdos concluy\u00f3 cerca de la media noche de ayer la reuni\u00f3n entre el Secretariado Ejecutivo del Sistema Estatal de Seguridad P\u00fablica (SESESP) y personal inconforme de la Polic\u00eda Estatal de Oaxaca.<\/p>\n\n\n\n<p>Ante ello, los uniformados anunciaron que mantendr\u00e1n un paro de labores por una semana y optaron por esperar una reuni\u00f3n con el gobernador Salom\u00f3n Jara Cruz; adem\u00e1s, llamaron al personal policiaco del interior del estado a concentrarse en el cuartel general ubicado en Santa Mar\u00eda Coyotepec.<\/p>\n\n\n\n<p>Despu\u00e9s de las 18:00 horas del mi\u00e9rcoles se reanud\u00f3 la reuni\u00f3n entre la responsable de la SESESP, Karina Bar\u00f3n Ortiz y los polic\u00edas, para insistir en que no haya despidos de elementos, como supuestamente se ten\u00eda previsto, por lo cual iniciaron una protesta la ma\u00f1ana de ayer.<\/p>\n\n\n\n<p>Pero adem\u00e1s, ahora a las demandas le agregaron apoyos para vivienda, disminuci\u00f3n en el pago de Impuesto sobre la Renta, equipamiento, pago inmediato de vi\u00e1ticos, mejoras salariales, entre otros.<\/p>\n\n\n\n<p>Asimismo, la renuncia del secretario de Seguridad y Protecci\u00f3n Ciudadana, Iv\u00e1n Garc\u00eda \u00c1lvarez, y del Comisionado de la Polic\u00eda Estatal, Pl\u00e1cido Jarqu\u00edn.<\/p>\n\n\n\n<p>SEGUIR\u00c1 EL DI\u00c1LOGO<\/p>\n\n\n\n<p>Por su parte, en un comunicado de prensa, el Gobierno del Estado inform\u00f3 que, en seguimiento a las peticiones laborales de las y los elementos de la Polic\u00eda Estatal que son atendidas en mesas de trabajo encabezadas por el Secretariado Ejecutivo del Sistema Estatal de Seguridad P\u00fablica (SESESP), se acord\u00f3 que el pr\u00f3ximo martes 4 de marzo se instalar\u00e1 una tercera reuni\u00f3n para dar respuesta a sus planteamientos.<\/p>\n\n\n\n<p>\u201cEste mi\u00e9rcoles se llevaron a cabo dos encuentros, y se atendi\u00f3 a 21 polic\u00edas estatales de forma personal, en las cuales se convino realizar una tercera mesa de trabajo en la que se abordar\u00e1n temas relacionados a pensiones y seguridad social.<\/p>\n\n\n\n<p>\u201cEn tanto, las autoridades estatales encargadas mantienen una pol\u00edtica de di\u00e1logo y escucha activa de las necesidades de las mujeres y hombres que se encargan de velar por la seguridad de la ciudadan\u00eda oaxaque\u00f1a\u201d, destac\u00f3.<\/p>\n","protected":false},"excerpt":{"rendered":"<p>Raymundo Morales\/Zona Roja. Oaxaca de Ju\u00e1rez, Oax., a 27 de febrero de 2025.- Sin acuerdos&hellip;<\/p>\n","protected":false},"author":2,"featured_media":77911,"comment_status":"closed","ping_status":"open","sticky":false,"template":"","format":"standard","meta":{"_lmt_disableupdate":"","_lmt_disable":"","_jetpack_memberships_contains_paid_content":false,"footnotes":""},"categories":[109,47],"tags":[984],"class_list":["post-77910","post","type-post","status-publish","format-standard","has-post-thumbnail","hentry","category-minuto-a-minuto","category-zona-gris","tag-policia-estatal-de-oaxaca"],"jetpack_featured_media_url":"https:\/\/zonaroja.com.mx\/wp-content\/uploads\/2025\/02\/Reunion-con-Policia-Estatal-SESESP.jpeg","jetpack_sharing_enabled":true,"_links":{"self":[{"href":"https:\/\/zonaroja.com.mx\/index.php?rest_route=\/wp\/v2\/posts\/77910","targetHints":{"allow":["GET"]}}],"collection":[{"href":"https:\/\/zonaroja.com.mx\/index.php?rest_route=\/wp\/v2\/posts"}],"about":[{"href":"https:\/\/zonaroja.com.mx\/index.php?rest_route=\/wp\/v2\/types\/post"}],"author":[{"embeddable":true,"href":"https:\/\/zonaroja.com.mx\/index.php?rest_route=\/wp\/v2\/users\/2"}],"replies":[{"embeddable":true,"href":"https:\/\/zonaroja.com.mx\/index.php?rest_route=%2Fwp%2Fv2%2Fcomments&post=77910"}],"version-history":[{"count":1,"href":"https:\/\/zonaroja.com.mx\/index.php?rest_route=\/wp\/v2\/posts\/77910\/revisions"}],"predecessor-version":[{"id":77912,"href":"https:\/\/zonaroja.com.mx\/index.php?rest_route=\/wp\/v2\/posts\/77910\/revisions\/77912"}],"wp:featuredmedia":[{"embeddable":true,"href":"https:\/\/zonaroja.com.mx\/index.php?rest_route=\/wp\/v2\/media\/77911"}],"wp:attachment":[{"href":"https:\/\/zonaroja.com.mx\/index.php?rest_route=%2Fwp%2Fv2%2Fmedia&parent=77910"}],"wp:term":[{"taxonomy":"category","embeddable":true,"href":"https:\/\/zonaroja.com.mx\/index.php?rest_route=%2Fwp%2Fv2%2Fcategories&post=77910"},{"taxonomy":"post_tag","embeddable":true,"href":"https:\/\/zonaroja.com.mx\/index.php?rest_route=%2Fwp%2Fv2%2Ftags&post=77910"}],"curies":[{"name":"wp","href":"https:\/\/api.w.org\/{rel}","templated":true}]}}