{"id":77913,"date":"2025-02-27T08:15:00","date_gmt":"2025-02-27T14:15:00","guid":{"rendered":"https:\/\/zonaroja.com.mx\/?p=77913"},"modified":"2025-02-27T07:47:23","modified_gmt":"2025-02-27T13:47:23","slug":"va-por-segundo-dia-bloqueo-en-carretera-a-la-costa-edil-de-zaachila-omiso","status":"publish","type":"post","link":"https:\/\/zonaroja.com.mx\/?p=77913","title":{"rendered":"Va por segundo d\u00eda bloqueo en carretera a la Costa; edil de Zaachila omiso"},"content":{"rendered":"\n<p>Ismael Garc\u00eda M.\/Zona Roja.<\/p>\n\n\n\n<p>Oaxaca de Ju\u00e1rez, Oax., a 27 de febrero de 2025.- El bloqueo en la carretera federal 175 Oaxaca-Puerto \u00c1ngel por parte de pobladores de la agencia Vicente Guerrero contin\u00faa y los inconformes amagan con mantenerlo todo el d\u00eda, ante el escaso apoyo del presidente municipal de la Villa de Zaachila, Ernesto Vargas L\u00f3pez.<\/p>\n\n\n\n<p>La movilizaci\u00f3n de padres de familia y habitantes inici\u00f3 ayer para exigir el derribo y la rehabilitaci\u00f3n de una barda en la escuela primaria \u201cVicente Guerrero\u201d, as\u00ed como otras demandas de equipamiento e infraestructura.<\/p>\n\n\n\n<p>Seg\u00fan denunciaron, desde hace mucho tiempo han exigido esta obra, pues la barda en mal estado pone en riesgo a docentes y alumnos; sin embargo, ni la autoridad municipal ni ha estatal han hecho caso.<\/p>\n\n\n\n<p>Ante ello, iniciaron un bloqueo en la carretera federal, a la altura del crucero de la Y, jurisdicci\u00f3n de la Villa de Zaachila, que luego ampliaron en inmediaciones de San Bartolo Coyotepec.<\/p>\n\n\n\n<p>El edil de Zaachila, Ernesto Vargas, arrib\u00f3 al lugar por la tarde pero en lugar de apoyar a los padres de familia y alumnos, culp\u00f3 al Instituto Constructor de Infraestructura Educativa y al Instituto Estatal de Educaci\u00f3n P\u00fablica de Oaxaca de no atender la demanda.<\/p>\n\n\n\n<p>Ante la nula respuesta de las partes, el bloqueo a la vialidad contin\u00faa y los inconformes amagan con mantenerlo por tiempo indefinido.<\/p>\n\n\n\n<figure class=\"wp-block-embed is-type-rich is-provider-twitter wp-block-embed-twitter\"><div class=\"wp-block-embed__wrapper\">\n<div class=\"twitter-tweet\"><blockquote class=\"twitter-tweet\" data-lang=\"es\"><p lang=\"es\" dir=\"ltr\">Por incapacidad del presidente municipal de la Villa de Zaachila, Ernesto Vargas, y desidia del <a href=\"https:\/\/twitter.com\/IOCIED_GobOax?ref_src=twsrc%5Etfw\">@IOCIED_GobOax<\/a> y del <a href=\"https:\/\/twitter.com\/IEEPOGobOax?ref_src=twsrc%5Etfw\">@IEEPOGobOax<\/a>, por segundo d\u00eda contin\u00faa el bloqueo a la carretera 175 Oaxaca-Puerto \u00c1ngel, por parte de pobladores de la agencia Vicente Guerrero, que exigen la\u2026 <a href=\"https:\/\/t.co\/zAB2Ts4q1L\">pic.twitter.com\/zAB2Ts4q1L<\/a><\/p>&mdash; Zona Roja Oaxaca (@ZonaRoja_Oaxaca) <a href=\"https:\/\/twitter.com\/ZonaRoja_Oaxaca\/status\/1895098923485680005?ref_src=twsrc%5Etfw\">27 de febrero de 2025<\/a><\/blockquote><\/div>\n<\/div><\/figure>\n","protected":false},"excerpt":{"rendered":"<p>Ismael Garc\u00eda M.\/Zona Roja. Oaxaca de Ju\u00e1rez, Oax., a 27 de febrero de 2025.- El&hellip;<\/p>\n","protected":false},"author":2,"featured_media":77914,"comment_status":"closed","ping_status":"open","sticky":false,"template":"","format":"standard","meta":{"_lmt_disableupdate":"","_lmt_disable":"","_jetpack_memberships_contains_paid_content":false,"footnotes":""},"categories":[109,47],"tags":[155],"class_list":["post-77913","post","type-post","status-publish","format-standard","has-post-thumbnail","hentry","category-minuto-a-minuto","category-zona-gris","tag-villa-de-zaachila"],"jetpack_featured_media_url":"https:\/\/zonaroja.com.mx\/wp-content\/uploads\/2025\/02\/Protesta-agencia-Vicente-Guerrero-Zaachila.jpeg","jetpack_sharing_enabled":true,"_links":{"self":[{"href":"https:\/\/zonaroja.com.mx\/index.php?rest_route=\/wp\/v2\/posts\/77913","targetHints":{"allow":["GET"]}}],"collection":[{"href":"https:\/\/zonaroja.com.mx\/index.php?rest_route=\/wp\/v2\/posts"}],"about":[{"href":"https:\/\/zonaroja.com.mx\/index.php?rest_route=\/wp\/v2\/types\/post"}],"author":[{"embeddable":true,"href":"https:\/\/zonaroja.com.mx\/index.php?rest_route=\/wp\/v2\/users\/2"}],"replies":[{"embeddable":true,"href":"https:\/\/zonaroja.com.mx\/index.php?rest_route=%2Fwp%2Fv2%2Fcomments&post=77913"}],"version-history":[{"count":1,"href":"https:\/\/zonaroja.com.mx\/index.php?rest_route=\/wp\/v2\/posts\/77913\/revisions"}],"predecessor-version":[{"id":77915,"href":"https:\/\/zonaroja.com.mx\/index.php?rest_route=\/wp\/v2\/posts\/77913\/revisions\/77915"}],"wp:featuredmedia":[{"embeddable":true,"href":"https:\/\/zonaroja.com.mx\/index.php?rest_route=\/wp\/v2\/media\/77914"}],"wp:attachment":[{"href":"https:\/\/zonaroja.com.mx\/index.php?rest_route=%2Fwp%2Fv2%2Fmedia&parent=77913"}],"wp:term":[{"taxonomy":"category","embeddable":true,"href":"https:\/\/zonaroja.com.mx\/index.php?rest_route=%2Fwp%2Fv2%2Fcategories&post=77913"},{"taxonomy":"post_tag","embeddable":true,"href":"https:\/\/zonaroja.com.mx\/index.php?rest_route=%2Fwp%2Fv2%2Ftags&post=77913"}],"curies":[{"name":"wp","href":"https:\/\/api.w.org\/{rel}","templated":true}]}}