{"id":77916,"date":"2025-02-27T09:15:00","date_gmt":"2025-02-27T15:15:00","guid":{"rendered":"https:\/\/zonaroja.com.mx\/?p=77916"},"modified":"2025-02-27T07:50:39","modified_gmt":"2025-02-27T13:50:39","slug":"veracruzano-esta-acusado-de-cuatro-secuestros-y-se-escondia-en-oaxaca","status":"publish","type":"post","link":"https:\/\/zonaroja.com.mx\/?p=77916","title":{"rendered":"Veracruzano est\u00e1 acusado de cuatro secuestros y se escond\u00eda en Oaxaca"},"content":{"rendered":"\n<p>Redacci\u00f3n\/Zona Roja.&nbsp;<\/p>\n\n\n\n<p>Oaxaca de Ju\u00e1rez, Oax., a 27 de febrero de 2025.- Derivado de la colaboraci\u00f3n interinstitucional con la Fiscal\u00eda del Estado de Veracruz, la Fiscal\u00eda General del Estado de Oaxaca (FGEO), logr\u00f3 la detenci\u00f3n de una persona del sexo masculino identificada como C.E.A.M., alias \u201cEl Chilango\u201d o \u201cEl Hojalatero\u201d, por el delito de Secuestro agravado, por diferentes hechos que sucedieron en 2014 en distintos puntos del estado de Veracruz de Ignacio de la Llave.<\/p>\n\n\n\n<p>La detenci\u00f3n se realiz\u00f3 en la localidad de Paso Real Sarabia del municipio de San Juan Guichicovi, en el Istmo de Tehuantepec, gracias a la coordinaci\u00f3n de elementos de la Agencia Estatal de Investigaciones adscritos a la Unidad Especializada en el Combate al Secuestro perteneciente a la Fiscal\u00eda Especializada para la Atenci\u00f3n a Delitos de Alto Impacto de la FGEO, en colaboraci\u00f3n con elementos de la Unidad Especializada en el Combate al Secuestro de la Fiscal\u00eda de Veracruz.<\/p>\n\n\n\n<p>La investigaci\u00f3n revela que los cuatro mandamientos judiciales cumplimentados en contra de C.E.A.M., alias \u201cEl Chilango u Hojalatero\u201d, derivan por su probable participaci\u00f3n en la comisi\u00f3n del delito de secuestro agravado por diversos hechos suscitados en 2014, en agravio de cuatro personas identificadas como M.A.R.G., M.E.L., A.N.D. y U.V.L., en hechos cometidos en distintos puntos del estado de Veracruz.<\/p>\n\n\n\n<p>Tras la detenci\u00f3n, C.E.A.M., alias \u201cEl Chilango u Hojalatero\u201d, se iniciaron los tr\u00e1mites legales pertinentes para su traslado a Poza Rica de Hidalgo en el estado de Veracruz y con ello, ponerlo a disposici\u00f3n de la autoridad ministerial correspondiente para determinar su situaci\u00f3n jur\u00eddica.<\/p>\n\n\n\n<p>OTRO DETENIDO<\/p>\n\n\n\n<p>Por otra parte, en cumplimiento de una orden de aprehensi\u00f3n, la Fiscal\u00eda General ejecut\u00f3 la detenci\u00f3n de una persona identificada como V.S.S., por el delito de homicidio calificado con premeditaci\u00f3n, ventaja y alevos\u00eda, cometido en agravio de la v\u00edctima A.S.R, en la regi\u00f3n de la Costa.<\/p>\n\n\n\n<p>Con base en las investigaciones realizadas en el caso, los hechos ocurrieron el 4 de octubre de 2013, cuando la v\u00edctima -A.S.R.- fue interceptada en el paraje Cerro Iguana, San Bartolom\u00e9 Loxicha, Pochutla, lo bajaron del veh\u00edculo en el que viajaba, para luego agredirlo con disparos de armas de fuego, por lo que perdi\u00f3 la vida en el lugar.<\/p>\n\n\n\n<p>A ra\u00edz del conocimiento de estos hechos, la FGEO defini\u00f3 las l\u00edneas de investigaci\u00f3n que permitieron dar con el paradero de V.S.S., quien fue detenido en Puerto Escondido, gracias a la acci\u00f3n de un equipo de agentes de la Unidad Policial Especializada en Combate al Secuestro.<\/p>\n\n\n\n<p>POR CORRUPCI\u00d3N DE MENORES<\/p>\n\n\n\n<p>En otro caso, la Fiscal\u00eda de Oaxaca en colaboraci\u00f3n interinstitucional con la Fiscal\u00eda del Estado de Veracruz, ejecutaron una orden de aprehensi\u00f3n que permiti\u00f3 la detenci\u00f3n de una mujer identificada como C.P.M.L., por los delitos de Corrupci\u00f3n de menores de 18 a\u00f1os y Equiparado a la violaci\u00f3n agravada en agravio de sus tres hijas menores de edad, en hechos cometidos en el municipio de Loma Bonita, en la regi\u00f3n de la Cuenca del Papaloapan.&nbsp;<\/p>\n\n\n\n<p>De acuerdo con la denuncia recibida el 19 de diciembre de 2013, familiares informaron a la instituci\u00f3n que los hechos ocurrieron en diferentes fechas, cuando las v\u00edctimas (tres menores de edad cuya identidad es reservada por ley), sufrieron agresiones.&nbsp;<\/p>\n\n\n\n<p>Ante estos hechos, la Fiscal\u00eda de Oaxaca inici\u00f3 una exhaustiva investigaci\u00f3n, a trav\u00e9s de la Vicefiscal\u00eda Regional de la Cuenca, logrando establecer que C.P.M.L. se encontraba en el estado vecino, por lo que se solicit\u00f3 la colaboraci\u00f3n con la Fiscal\u00eda de Veracruz para la ejecuci\u00f3n de la orden de aprehensi\u00f3n en su contra.<\/p>\n\n\n\n<p>Luego de la detenci\u00f3n, C.P.M.L. fue trasladada a Oaxaca para quedar a disposici\u00f3n de la autoridad correspondiente para determinar su situaci\u00f3n jur\u00eddica.<\/p>\n","protected":false},"excerpt":{"rendered":"<p>Redacci\u00f3n\/Zona Roja.&nbsp; Oaxaca de Ju\u00e1rez, Oax., a 27 de febrero de 2025.- Derivado de la&hellip;<\/p>\n","protected":false},"author":2,"featured_media":77917,"comment_status":"closed","ping_status":"open","sticky":false,"template":"","format":"standard","meta":{"_lmt_disableupdate":"","_lmt_disable":"","_jetpack_memberships_contains_paid_content":false,"footnotes":""},"categories":[109,46],"tags":[494],"class_list":["post-77916","post","type-post","status-publish","format-standard","has-post-thumbnail","hentry","category-minuto-a-minuto","category-zona-blanca","tag-fiscalia-general-del-estado-de-oaxaca"],"jetpack_featured_media_url":"https:\/\/zonaroja.com.mx\/wp-content\/uploads\/2025\/02\/DEtenido-secuestro-Veracruz-Oaxaca.jpg","jetpack_sharing_enabled":true,"_links":{"self":[{"href":"https:\/\/zonaroja.com.mx\/index.php?rest_route=\/wp\/v2\/posts\/77916","targetHints":{"allow":["GET"]}}],"collection":[{"href":"https:\/\/zonaroja.com.mx\/index.php?rest_route=\/wp\/v2\/posts"}],"about":[{"href":"https:\/\/zonaroja.com.mx\/index.php?rest_route=\/wp\/v2\/types\/post"}],"author":[{"embeddable":true,"href":"https:\/\/zonaroja.com.mx\/index.php?rest_route=\/wp\/v2\/users\/2"}],"replies":[{"embeddable":true,"href":"https:\/\/zonaroja.com.mx\/index.php?rest_route=%2Fwp%2Fv2%2Fcomments&post=77916"}],"version-history":[{"count":1,"href":"https:\/\/zonaroja.com.mx\/index.php?rest_route=\/wp\/v2\/posts\/77916\/revisions"}],"predecessor-version":[{"id":77918,"href":"https:\/\/zonaroja.com.mx\/index.php?rest_route=\/wp\/v2\/posts\/77916\/revisions\/77918"}],"wp:featuredmedia":[{"embeddable":true,"href":"https:\/\/zonaroja.com.mx\/index.php?rest_route=\/wp\/v2\/media\/77917"}],"wp:attachment":[{"href":"https:\/\/zonaroja.com.mx\/index.php?rest_route=%2Fwp%2Fv2%2Fmedia&parent=77916"}],"wp:term":[{"taxonomy":"category","embeddable":true,"href":"https:\/\/zonaroja.com.mx\/index.php?rest_route=%2Fwp%2Fv2%2Fcategories&post=77916"},{"taxonomy":"post_tag","embeddable":true,"href":"https:\/\/zonaroja.com.mx\/index.php?rest_route=%2Fwp%2Fv2%2Ftags&post=77916"}],"curies":[{"name":"wp","href":"https:\/\/api.w.org\/{rel}","templated":true}]}}