{"id":77919,"date":"2025-02-27T09:50:00","date_gmt":"2025-02-27T15:50:00","guid":{"rendered":"https:\/\/zonaroja.com.mx\/?p=77919"},"modified":"2025-02-27T10:45:14","modified_gmt":"2025-02-27T16:45:14","slug":"dos-dias-sin-clases-en-oaxaca-por-paro-de-labores-de-la-seccion-22","status":"publish","type":"post","link":"https:\/\/zonaroja.com.mx\/?p=77919","title":{"rendered":"Dos d\u00edas sin clases en Oaxaca, por paro de labores de la Secci\u00f3n 22"},"content":{"rendered":"\n<p>Ismael Garc\u00eda M.\/Zona Roja.<\/p>\n\n\n\n<p>Oaxaca de Ju\u00e1rez, Oax., a 27 de febrero de 2025.- En rechazo a la reforma a la Ley del ISSSTE y exigencia de uniformes, \u00fatiles escolares y equipamiento, la Secci\u00f3n 22 del SNTE inici\u00f3 hoy dos d\u00edas de paro de labores, con movilizaciones en la Ciudad de M\u00e9xico y en Oaxaca.<\/p>\n\n\n\n<p>Desde temprana hora se comenzaron a instalar en oficinas federales en la capital, entre ellas el Sistema de Administraci\u00f3n Tributaria (SAT) ubicada en la calle Garc\u00eda Vigil de la capital, as\u00ed como la delegaci\u00f3n Bienestar, en la carretera federal Oaxaca-Istmo, jurisdicci\u00f3n de San Agust\u00edn Yatareni.<\/p>\n\n\n\n<p>Aunado a ello, se apoderaron de casetas de peaje para dar paso libre con cuota, a los automovilistas; entre \u00e9stos se encuentra la ubicada en Huitzo, con rumbo a M\u00e9xico; Mitla, con ruta a la regi\u00f3n del Istmo; Barranca Larga, rumbo a Puerto Escondido, adem\u00e1s de otras en el interior del estado, como el Istmo y la Cuenca.<\/p>\n\n\n\n<p>Otro contingente se moviliza en las instalaciones de la planta de almacenamiento de Pemex ubicada a un costado de la carretera Oaxaca-Istmo, en jurisdicci\u00f3n de Santa Mar\u00eda El Tule.<\/p>\n\n\n\n<p>La demanda central, por lo cual bloquean tambi\u00e9n la sede de la C\u00e1mara de Diputados federal en la capital del pa\u00eds, es impedir que se avale la reforma a la Ley del ISSSTE que envi\u00f3 la Presidenta Claudia Sheinbaum, que consideran es lesiva para los trabajadores de la educaci\u00f3n.<\/p>\n\n\n\n<p>De la misma manera, que la SEP y el Instituto Estatal de Educaci\u00f3n P\u00fablica de Oaxaca con la entrega de mobiliario, equipos, uniformes y \u00fatiles escolares, que se hab\u00eda comprometido a otorgar a m\u00e1s tardar el pasado 24 de febrero.<\/p>\n","protected":false},"excerpt":{"rendered":"<p>Ismael Garc\u00eda M.\/Zona Roja. Oaxaca de Ju\u00e1rez, Oax., a 27 de febrero de 2025.- En&hellip;<\/p>\n","protected":false},"author":2,"featured_media":77934,"comment_status":"closed","ping_status":"open","sticky":false,"template":"","format":"standard","meta":{"_lmt_disableupdate":"","_lmt_disable":"","_jetpack_memberships_contains_paid_content":false,"footnotes":""},"categories":[109,47],"tags":[312],"class_list":["post-77919","post","type-post","status-publish","format-standard","has-post-thumbnail","hentry","category-minuto-a-minuto","category-zona-gris","tag-seccion-22-del-snte"],"jetpack_featured_media_url":"https:\/\/zonaroja.com.mx\/wp-content\/uploads\/2025\/02\/img_9777-1.jpg","jetpack_sharing_enabled":true,"_links":{"self":[{"href":"https:\/\/zonaroja.com.mx\/index.php?rest_route=\/wp\/v2\/posts\/77919","targetHints":{"allow":["GET"]}}],"collection":[{"href":"https:\/\/zonaroja.com.mx\/index.php?rest_route=\/wp\/v2\/posts"}],"about":[{"href":"https:\/\/zonaroja.com.mx\/index.php?rest_route=\/wp\/v2\/types\/post"}],"author":[{"embeddable":true,"href":"https:\/\/zonaroja.com.mx\/index.php?rest_route=\/wp\/v2\/users\/2"}],"replies":[{"embeddable":true,"href":"https:\/\/zonaroja.com.mx\/index.php?rest_route=%2Fwp%2Fv2%2Fcomments&post=77919"}],"version-history":[{"count":1,"href":"https:\/\/zonaroja.com.mx\/index.php?rest_route=\/wp\/v2\/posts\/77919\/revisions"}],"predecessor-version":[{"id":77921,"href":"https:\/\/zonaroja.com.mx\/index.php?rest_route=\/wp\/v2\/posts\/77919\/revisions\/77921"}],"wp:featuredmedia":[{"embeddable":true,"href":"https:\/\/zonaroja.com.mx\/index.php?rest_route=\/wp\/v2\/media\/77934"}],"wp:attachment":[{"href":"https:\/\/zonaroja.com.mx\/index.php?rest_route=%2Fwp%2Fv2%2Fmedia&parent=77919"}],"wp:term":[{"taxonomy":"category","embeddable":true,"href":"https:\/\/zonaroja.com.mx\/index.php?rest_route=%2Fwp%2Fv2%2Fcategories&post=77919"},{"taxonomy":"post_tag","embeddable":true,"href":"https:\/\/zonaroja.com.mx\/index.php?rest_route=%2Fwp%2Fv2%2Ftags&post=77919"}],"curies":[{"name":"wp","href":"https:\/\/api.w.org\/{rel}","templated":true}]}}