{"id":77922,"date":"2025-02-27T11:19:00","date_gmt":"2025-02-27T17:19:00","guid":{"rendered":"https:\/\/zonaroja.com.mx\/?p=77922"},"modified":"2025-02-27T08:21:57","modified_gmt":"2025-02-27T14:21:57","slug":"muestra-oaxaca-en-colombia-su-riqueza-turistica-cultural-y-natural","status":"publish","type":"post","link":"https:\/\/zonaroja.com.mx\/?p=77922","title":{"rendered":"Muestra Oaxaca en Colombia su riqueza tur\u00edstica, cultural y natural"},"content":{"rendered":"\n<p>Redacci\u00f3n\/Zona Roja.<\/p>\n\n\n\n<p>Oaxaca de Ju\u00e1rez, Oax., a 276 de febrero de 2025. La secretaria de Turismo del estado de Oaxaca, Saymi Pineda Velasco, inaugur\u00f3 el stand de Oaxaca en la 44 edici\u00f3n de la Vitrina Tur\u00edstica ANATO en Bogot\u00e1, Colombia, junto a autoridades municipales de Santa Mar\u00eda Huatulco, representantes del sector tur\u00edstico de los principales destinos de la entidad y con el acompa\u00f1amiento de la embajadora de M\u00e9xico en Colombia Martha Patricia Ruiz Anchondo.<\/p>\n\n\n\n<p>La secretaria de Turismo destac\u00f3 que la participaci\u00f3n de Oaxaca en el evento, considerado el encuentro de turismo m\u00e1s importante de Colombia, reafirma la posici\u00f3n de la entidad como uno de los destinos m\u00e1s destacados de M\u00e9xico y del mundo. Adem\u00e1s, subray\u00f3 la importancia de promover la amplia oferta tur\u00edstica de Oaxaca para atraer a turistas colombianos, el tercer mercado emisor de turistas internacionales hacia M\u00e9xico.<\/p>\n\n\n\n<p>Se\u00f1al\u00f3 que, entre el 26 y el 28 de febrero, Oaxaca llevar\u00e1 a cabo una serie de actividades que incluyen activaciones, citas de negocios y atenci\u00f3n a medios de comunicaci\u00f3n, con el objetivo de promover sus productos tur\u00edsticos entre compradores y profesionales del sector, as\u00ed como generar alianzas estrat\u00e9gicas.<\/p>\n\n\n\n<p>Detall\u00f3 que el stand de Oaxaca cuenta con 33 metros cuadrados, equipado con dos pantallas gigantes y 12 booths para citas de negocios, donde 37 representantes de la delegaci\u00f3n oaxaque\u00f1a conformada por la Sectur Oaxaca y destinos como la Ciudad de Oaxaca, Bah\u00edas de Huatulco y Puerto Escondido, llevar\u00e1n a cabo encuentros con turoperadores y medios especializados; y se realizar\u00e1n activaciones gastron\u00f3micas, con degustaciones de caf\u00e9 y mezcal.<\/p>\n\n\n\n<p>Bajo la visi\u00f3n del Gobernador Salom\u00f3n Jara Cruz, dijo, de transformar al turismo en un motor de bienestar y reconciliaci\u00f3n social para las ocho regiones de Oaxaca, esta participaci\u00f3n en ANATO es parte de una estrategia de promoci\u00f3n asertiva. El objetivo es aumentar la derrama econ\u00f3mica generada por la llegada de visitantes y fortalecer el posicionamiento de la marca tur\u00edstica \u00abOaxaca, Tierra Orgullosa de sus Ra\u00edces\u00bb, al mismo tiempo que se busca recuperar y ampliar mercados internacionales emisores de turismo.<\/p>\n\n\n\n<p>Explic\u00f3 que entre las acciones programadas durante el evento se incluyen reuniones con la agencia ProColombia, las aerol\u00edneas Volaris y TAG Airlines, y la agencia de viajes PriceTravel, adem\u00e1s de la participaci\u00f3n en la agenda de la Secretar\u00eda de Turismo Federal y la Uni\u00f3n de Secretarios de Turismo de M\u00e9xico (Asetur).<\/p>\n\n\n\n<p>Asimismo, se firmar\u00e1 un convenio de colaboraci\u00f3n con la operadora mayorista Ruta Maya Travel y el Gobierno Municipal de Huatulco, entre otras actividades orientadas a fortalecer el sector tur\u00edstico de Oaxaca.<\/p>\n","protected":false},"excerpt":{"rendered":"<p>Redacci\u00f3n\/Zona Roja. Oaxaca de Ju\u00e1rez, Oax., a 276 de febrero de 2025. La secretaria de&hellip;<\/p>\n","protected":false},"author":2,"featured_media":77923,"comment_status":"closed","ping_status":"open","sticky":false,"template":"","format":"standard","meta":{"_lmt_disableupdate":"","_lmt_disable":"","_jetpack_memberships_contains_paid_content":false,"footnotes":""},"categories":[109,46],"tags":[2714],"class_list":["post-77922","post","type-post","status-publish","format-standard","has-post-thumbnail","hentry","category-minuto-a-minuto","category-zona-blanca","tag-saymi-pineda-velasco"],"jetpack_featured_media_url":"https:\/\/zonaroja.com.mx\/wp-content\/uploads\/2025\/02\/Turismo-Oaxaca-en-Colombia.jpg","jetpack_sharing_enabled":true,"_links":{"self":[{"href":"https:\/\/zonaroja.com.mx\/index.php?rest_route=\/wp\/v2\/posts\/77922","targetHints":{"allow":["GET"]}}],"collection":[{"href":"https:\/\/zonaroja.com.mx\/index.php?rest_route=\/wp\/v2\/posts"}],"about":[{"href":"https:\/\/zonaroja.com.mx\/index.php?rest_route=\/wp\/v2\/types\/post"}],"author":[{"embeddable":true,"href":"https:\/\/zonaroja.com.mx\/index.php?rest_route=\/wp\/v2\/users\/2"}],"replies":[{"embeddable":true,"href":"https:\/\/zonaroja.com.mx\/index.php?rest_route=%2Fwp%2Fv2%2Fcomments&post=77922"}],"version-history":[{"count":1,"href":"https:\/\/zonaroja.com.mx\/index.php?rest_route=\/wp\/v2\/posts\/77922\/revisions"}],"predecessor-version":[{"id":77924,"href":"https:\/\/zonaroja.com.mx\/index.php?rest_route=\/wp\/v2\/posts\/77922\/revisions\/77924"}],"wp:featuredmedia":[{"embeddable":true,"href":"https:\/\/zonaroja.com.mx\/index.php?rest_route=\/wp\/v2\/media\/77923"}],"wp:attachment":[{"href":"https:\/\/zonaroja.com.mx\/index.php?rest_route=%2Fwp%2Fv2%2Fmedia&parent=77922"}],"wp:term":[{"taxonomy":"category","embeddable":true,"href":"https:\/\/zonaroja.com.mx\/index.php?rest_route=%2Fwp%2Fv2%2Fcategories&post=77922"},{"taxonomy":"post_tag","embeddable":true,"href":"https:\/\/zonaroja.com.mx\/index.php?rest_route=%2Fwp%2Fv2%2Ftags&post=77922"}],"curies":[{"name":"wp","href":"https:\/\/api.w.org\/{rel}","templated":true}]}}