{"id":77931,"date":"2025-02-27T19:00:00","date_gmt":"2025-02-28T01:00:00","guid":{"rendered":"https:\/\/zonaroja.com.mx\/?p=77931"},"modified":"2025-02-27T19:57:52","modified_gmt":"2025-02-28T01:57:52","slug":"reconocen-a-cepiadet-por-defender-los-derechos-linguisticos-de-los-pueblos-indigenas","status":"publish","type":"post","link":"https:\/\/zonaroja.com.mx\/?p=77931","title":{"rendered":"Reconocen a Cepiadet por defender los derechos ling\u00fc\u00edsticos de los pueblos ind\u00edgenas"},"content":{"rendered":"\n<p>Redacci\u00f3n\/Zona Roja.<\/p>\n\n\n\n<p>Oaxaca de Ju\u00e1rez, Oax., a 27 de febrero de 2025.- El Centro Profesional Ind\u00edgena de Asesor\u00eda, Defensa y Traducci\u00f3n (Cepiadet) fue reconocido con el Premio por la Igualdad y la No Discriminaci\u00f3n por su labor comprometida con los derechos de las personas y los pueblos ind\u00edgenas en el pa\u00eds y su contribuci\u00f3n en la construcci\u00f3n de un sistema de justicia m\u00e1s inclusivo.<\/p>\n\n\n\n<p>La organizaci\u00f3n oaxaque\u00f1a recibi\u00f3 el reconocimiento en la categor\u00eda Premio Institucional, otorgado el pasado 18 de febrero en la ciudad de M\u00e9xico, por la Asamblea Consultiva del Consejo Nacional para Prevenir la Discriminaci\u00f3n, la cual destac\u00f3 el trabajo sobresaliente de quienes lo integran, abogadas, abogados y profesionistas biling\u00fces de distintas disciplinas, originarios de distintos pueblos ind\u00edgenas del estado de Oaxaca.<\/p>\n\n\n\n<p>Los reconocimientos por la Igualdad y la No Discriminaci\u00f3n son otorgados a una diversidad de individuos y organismos que desde Baja California hasta Argentina son o fueron ejemplo de fortaleza e innovaci\u00f3n. Buscan impulsar la labor de quienes d\u00eda con d\u00eda hacen frente a las injusticias enraizadas en la exclusi\u00f3n.<\/p>\n\n\n\n<p>En el caso de Cepiadet, el organismo enfatiz\u00f3: \u201cDesde su fundaci\u00f3n en 2005 se ha consolidado como un referente en la defensa de los derechos de los pueblos ind\u00edgenas de M\u00e9xico y han sido pioneros en el tema de los derechos ling\u00fc\u00edsticos, impulsando la formaci\u00f3n de personas int\u00e9rpretes y desarrollando herramientas para el acceso a la justicia, no solo en Oaxaca sino en otros estados de la Rep\u00fablica\u201d.<\/p>\n\n\n\n<p>El presidente del Consejo Directivo de la asociaci\u00f3n civil, Tom\u00e1s L\u00f3pez Sarabia agradeci\u00f3 el Premio Institucional 2024 otorgado por el Conapred.<\/p>\n\n\n\n<p>\u201cEs un honor recibir este reconocimiento por la defensa, promoci\u00f3n, difusi\u00f3n de los derechos de los pueblos ind\u00edgenas de este territorio. La labor realizada desde hace 20 a\u00f1os es resultado de lo que nuestras comunidades de origen nos han ense\u00f1ado Lo hemos hecho de la mano de aliadas y aliados y gracias a la confianza de las autoridades comunitarias con las que colaboramos\u201d, manifest\u00f3.<\/p>\n\n\n\n<p>La defensa de los derechos humanos de grupos hist\u00f3ricamente discriminados sigue siendo en M\u00e9xico una tarea que se lleva a cabo desde la sociedad civil, la academia y las organizaciones como Cepiadet, que a lo largo de estos a\u00f1os ha visibilizado problemas estructurales que impiden el goce y la garant\u00eda de acceso al ejercicio de derechos de personas, comunidades y pueblos ind\u00edgenas y ha impulsado procesos que promueven una sociedad m\u00e1s justa.<\/p>\n\n\n\n<p>(Informaci\u00f3n de Educa A. C.)<\/p>\n","protected":false},"excerpt":{"rendered":"<p>Redacci\u00f3n\/Zona Roja. Oaxaca de Ju\u00e1rez, Oax., a 27 de febrero de 2025.- El Centro Profesional&hellip;<\/p>\n","protected":false},"author":2,"featured_media":77932,"comment_status":"closed","ping_status":"open","sticky":false,"template":"","format":"standard","meta":{"_lmt_disableupdate":"","_lmt_disable":"","_jetpack_memberships_contains_paid_content":false,"footnotes":""},"categories":[109,46],"tags":[1894],"class_list":["post-77931","post","type-post","status-publish","format-standard","has-post-thumbnail","hentry","category-minuto-a-minuto","category-zona-blanca","tag-defensa-y-traduccion-cepiadet"],"jetpack_featured_media_url":"https:\/\/zonaroja.com.mx\/wp-content\/uploads\/2025\/02\/Cepiadet.jpeg","jetpack_sharing_enabled":true,"_links":{"self":[{"href":"https:\/\/zonaroja.com.mx\/index.php?rest_route=\/wp\/v2\/posts\/77931","targetHints":{"allow":["GET"]}}],"collection":[{"href":"https:\/\/zonaroja.com.mx\/index.php?rest_route=\/wp\/v2\/posts"}],"about":[{"href":"https:\/\/zonaroja.com.mx\/index.php?rest_route=\/wp\/v2\/types\/post"}],"author":[{"embeddable":true,"href":"https:\/\/zonaroja.com.mx\/index.php?rest_route=\/wp\/v2\/users\/2"}],"replies":[{"embeddable":true,"href":"https:\/\/zonaroja.com.mx\/index.php?rest_route=%2Fwp%2Fv2%2Fcomments&post=77931"}],"version-history":[{"count":1,"href":"https:\/\/zonaroja.com.mx\/index.php?rest_route=\/wp\/v2\/posts\/77931\/revisions"}],"predecessor-version":[{"id":77933,"href":"https:\/\/zonaroja.com.mx\/index.php?rest_route=\/wp\/v2\/posts\/77931\/revisions\/77933"}],"wp:featuredmedia":[{"embeddable":true,"href":"https:\/\/zonaroja.com.mx\/index.php?rest_route=\/wp\/v2\/media\/77932"}],"wp:attachment":[{"href":"https:\/\/zonaroja.com.mx\/index.php?rest_route=%2Fwp%2Fv2%2Fmedia&parent=77931"}],"wp:term":[{"taxonomy":"category","embeddable":true,"href":"https:\/\/zonaroja.com.mx\/index.php?rest_route=%2Fwp%2Fv2%2Fcategories&post=77931"},{"taxonomy":"post_tag","embeddable":true,"href":"https:\/\/zonaroja.com.mx\/index.php?rest_route=%2Fwp%2Fv2%2Ftags&post=77931"}],"curies":[{"name":"wp","href":"https:\/\/api.w.org\/{rel}","templated":true}]}}