{"id":77935,"date":"2025-02-27T17:42:49","date_gmt":"2025-02-27T23:42:49","guid":{"rendered":"https:\/\/zonaroja.com.mx\/?p=77935"},"modified":"2025-02-27T17:42:51","modified_gmt":"2025-02-27T23:42:51","slug":"extradita-mexico-fast-track-hacia-eu-a-29-capos-del-narcotrafico","status":"publish","type":"post","link":"https:\/\/zonaroja.com.mx\/?p=77935","title":{"rendered":"Extradita M\u00e9xico \u201cfast track\u201d hacia EU a 29 capos del narcotr\u00e1fico\u00a0"},"content":{"rendered":"\n<p>Redacci\u00f3n\/Zona Roja Cdmx.<\/p>\n\n\n\n<p>Ciudad de M\u00e9xico, a 27 de febrero de 2025.- El Gobierno de M\u00e9xico anunci\u00f3 este jueves que extradit\u00f3 a 29 detenidos en \u201cdiferentes centros penitenciarios del pa\u00eds\u201d hacia Estados Unidos para enfrentar cargos por narcotr\u00e1fico y otros delitos.<\/p>\n\n\n\n<p>Entre ellos se cuentan algunas figuras de alto perfil consideradas capos del narcotr\u00e1fico como Rafael Caro Quintero y Miguel Trevi\u00f1o Morales, alias el \u201cZ40\u201d, seg\u00fan confirmaron fuentes de la presidencia mexicana a Noticias Telemundo. Tambi\u00e9n fueron extraditados, seg\u00fan esas fuentes, Antonio Oseguera Cervantes (considerado parte del C\u00e1rtel Jalisco Nueva Generaci\u00f3n o CJNG) y Omar Trevi\u00f1o Morales, alias \u201cZ42\u201d y hermano de Miguel Trevi\u00f1o Morales.<\/p>\n\n\n\n<p>Caro Quintero, narcotraficante convicto y detenido en M\u00e9xico primero entre la d\u00e9cada de 1980 y 2013 y luego de nuevo en 2022, es considerado el fundador del C\u00e1rtel de Guadalajara junto con Miguel \u00c1ngel F\u00e9lix Gallardo, y la DEA por mucho tiempo lo consider\u00f3 de los criminales m\u00e1s buscados.&nbsp;<\/p>\n\n\n\n<p>El gobierno estadounidense ya hab\u00eda hecho una solicitud para su extradici\u00f3n desde hace unos a\u00f1os, en gran medida porque a Caro Quintero se le acusa de haber organizado la detenci\u00f3n de Enrique Kiki Camarena, el agente de la DEA que fue torturado y asesinado en M\u00e9xico.<\/p>\n\n\n\n<p>Oseguera Cervantes, hermano del l\u00edder del CJNG El Mencho (Nemesio Oseguera), est\u00e1 acusado de conspirar para traficar coca\u00edna y metanfetamina por la fiscal\u00eda federal en Washington, D.C.<\/p>\n\n\n\n<p>Por su parte, Trevi\u00f1o Morales originalmente fue fundador del C\u00e1rtel del Golfo antes de establecer el c\u00e1rtel ahora pr\u00e1cticamente extinto de Los Zetas. Hoy en d\u00eda lo que queda de esas organizaciones de delincuencia organizada se hacen llamar C\u00e1rtel del Golfo y C\u00e1rtel del Noroeste. \u00c9l y su hermano enfrentan cargos por supuesto tr\u00e1fico de coca\u00edna.<\/p>\n\n\n\n<p>(Informaci\u00f3n de Telemundo)<\/p>\n","protected":false},"excerpt":{"rendered":"<p>Redacci\u00f3n\/Zona Roja Cdmx. Ciudad de M\u00e9xico, a 27 de febrero de 2025.- El Gobierno de&hellip;<\/p>\n","protected":false},"author":2,"featured_media":77936,"comment_status":"closed","ping_status":"open","sticky":false,"template":"","format":"standard","meta":{"_lmt_disableupdate":"","_lmt_disable":"","_jetpack_memberships_contains_paid_content":false,"footnotes":""},"categories":[109,47],"tags":[],"class_list":["post-77935","post","type-post","status-publish","format-standard","has-post-thumbnail","hentry","category-minuto-a-minuto","category-zona-gris"],"jetpack_featured_media_url":"https:\/\/zonaroja.com.mx\/wp-content\/uploads\/2025\/02\/Extradicta-Mexico-a-capos-hacia-EU.jpg.webp","jetpack_sharing_enabled":true,"_links":{"self":[{"href":"https:\/\/zonaroja.com.mx\/index.php?rest_route=\/wp\/v2\/posts\/77935","targetHints":{"allow":["GET"]}}],"collection":[{"href":"https:\/\/zonaroja.com.mx\/index.php?rest_route=\/wp\/v2\/posts"}],"about":[{"href":"https:\/\/zonaroja.com.mx\/index.php?rest_route=\/wp\/v2\/types\/post"}],"author":[{"embeddable":true,"href":"https:\/\/zonaroja.com.mx\/index.php?rest_route=\/wp\/v2\/users\/2"}],"replies":[{"embeddable":true,"href":"https:\/\/zonaroja.com.mx\/index.php?rest_route=%2Fwp%2Fv2%2Fcomments&post=77935"}],"version-history":[{"count":1,"href":"https:\/\/zonaroja.com.mx\/index.php?rest_route=\/wp\/v2\/posts\/77935\/revisions"}],"predecessor-version":[{"id":77937,"href":"https:\/\/zonaroja.com.mx\/index.php?rest_route=\/wp\/v2\/posts\/77935\/revisions\/77937"}],"wp:featuredmedia":[{"embeddable":true,"href":"https:\/\/zonaroja.com.mx\/index.php?rest_route=\/wp\/v2\/media\/77936"}],"wp:attachment":[{"href":"https:\/\/zonaroja.com.mx\/index.php?rest_route=%2Fwp%2Fv2%2Fmedia&parent=77935"}],"wp:term":[{"taxonomy":"category","embeddable":true,"href":"https:\/\/zonaroja.com.mx\/index.php?rest_route=%2Fwp%2Fv2%2Fcategories&post=77935"},{"taxonomy":"post_tag","embeddable":true,"href":"https:\/\/zonaroja.com.mx\/index.php?rest_route=%2Fwp%2Fv2%2Ftags&post=77935"}],"curies":[{"name":"wp","href":"https:\/\/api.w.org\/{rel}","templated":true}]}}