{"id":77941,"date":"2025-02-27T20:55:33","date_gmt":"2025-02-28T02:55:33","guid":{"rendered":"https:\/\/zonaroja.com.mx\/?p=77941"},"modified":"2025-02-27T20:55:35","modified_gmt":"2025-02-28T02:55:35","slug":"catedratico-de-la-uabjo-a-quien-pretendian-ejecutar-en-tlalixtac","status":"publish","type":"post","link":"https:\/\/zonaroja.com.mx\/?p=77941","title":{"rendered":"Catedr\u00e1tico de la UABJO, a quien pretend\u00edan ejecutar en Tlalixtac"},"content":{"rendered":"\n<p>Raymundo Morales\/Zona Roja.<\/p>\n\n\n\n<p>Oaxaca de Ju\u00e1rez, Oax., a 27 de febrero de 2025.- Como Samuel P. G., catedr\u00e1tico de la Facultad de Contadur\u00eda y Administraci\u00f3n de la Universidad Aut\u00f3noma \u201cBenito Ju\u00e1rez\u201d de Oaxaca fue identificada la persona que intentaron asesinar la ma\u00f1ana de este jueves.<\/p>\n\n\n\n<p>Fue alrededor de las 08:30 en que se registr\u00f3 la agresi\u00f3n armada contra una camioneta marca JAC, color azul, a la altura del crucero al municipio de Tlalixtac de Cabrera con la carretera federal Oaxaca-Istmo.<\/p>\n\n\n\n<p>Presuntamente dos sujetos armados a bordo de una motocicleta dispararon en contra del docente y pese a que dispararon a la altura de la cabeza, la bala cruz\u00f3 la cabina y sali\u00f3 por la ventanilla derecha.<\/p>\n\n\n\n<p>El agredido logr\u00f3 huir y se refugi\u00f3 en la cl\u00ednica del municipio de Santa Luc\u00eda del Camino, ubicado a unos pasos del palacio municipal, donde fue atendido m\u00e9dicamente y se corrobor\u00f3 que no presentaba lesiones.<\/p>\n\n\n\n<p>Posteriormente arribaron elementos de la Fiscal\u00eda General del Estado de Oaxaca, quienes indagan el m\u00f3vil del ataque, el cual no ha sido revelado hasta el momento.<\/p>\n","protected":false},"excerpt":{"rendered":"<p>Raymundo Morales\/Zona Roja. Oaxaca de Ju\u00e1rez, Oax., a 27 de febrero de 2025.- Como Samuel&hellip;<\/p>\n","protected":false},"author":2,"featured_media":77942,"comment_status":"closed","ping_status":"open","sticky":false,"template":"","format":"standard","meta":{"_lmt_disableupdate":"","_lmt_disable":"","_jetpack_memberships_contains_paid_content":false,"footnotes":""},"categories":[109,47],"tags":[],"class_list":["post-77941","post","type-post","status-publish","format-standard","has-post-thumbnail","hentry","category-minuto-a-minuto","category-zona-gris"],"jetpack_featured_media_url":"https:\/\/zonaroja.com.mx\/wp-content\/uploads\/2025\/02\/Baleado-Santa-Lucia-del-Camino.jpg","jetpack_sharing_enabled":true,"_links":{"self":[{"href":"https:\/\/zonaroja.com.mx\/index.php?rest_route=\/wp\/v2\/posts\/77941","targetHints":{"allow":["GET"]}}],"collection":[{"href":"https:\/\/zonaroja.com.mx\/index.php?rest_route=\/wp\/v2\/posts"}],"about":[{"href":"https:\/\/zonaroja.com.mx\/index.php?rest_route=\/wp\/v2\/types\/post"}],"author":[{"embeddable":true,"href":"https:\/\/zonaroja.com.mx\/index.php?rest_route=\/wp\/v2\/users\/2"}],"replies":[{"embeddable":true,"href":"https:\/\/zonaroja.com.mx\/index.php?rest_route=%2Fwp%2Fv2%2Fcomments&post=77941"}],"version-history":[{"count":1,"href":"https:\/\/zonaroja.com.mx\/index.php?rest_route=\/wp\/v2\/posts\/77941\/revisions"}],"predecessor-version":[{"id":77943,"href":"https:\/\/zonaroja.com.mx\/index.php?rest_route=\/wp\/v2\/posts\/77941\/revisions\/77943"}],"wp:featuredmedia":[{"embeddable":true,"href":"https:\/\/zonaroja.com.mx\/index.php?rest_route=\/wp\/v2\/media\/77942"}],"wp:attachment":[{"href":"https:\/\/zonaroja.com.mx\/index.php?rest_route=%2Fwp%2Fv2%2Fmedia&parent=77941"}],"wp:term":[{"taxonomy":"category","embeddable":true,"href":"https:\/\/zonaroja.com.mx\/index.php?rest_route=%2Fwp%2Fv2%2Fcategories&post=77941"},{"taxonomy":"post_tag","embeddable":true,"href":"https:\/\/zonaroja.com.mx\/index.php?rest_route=%2Fwp%2Fv2%2Ftags&post=77941"}],"curies":[{"name":"wp","href":"https:\/\/api.w.org\/{rel}","templated":true}]}}