{"id":77944,"date":"2025-02-27T21:53:21","date_gmt":"2025-02-28T03:53:21","guid":{"rendered":"https:\/\/zonaroja.com.mx\/?p=77944"},"modified":"2025-02-27T21:53:23","modified_gmt":"2025-02-28T03:53:23","slug":"arreciaran-los-normalistas-sus-movilizaciones-en-oaxaca","status":"publish","type":"post","link":"https:\/\/zonaroja.com.mx\/?p=77944","title":{"rendered":"Arreciar\u00e1n los normalistas sus movilizaciones en Oaxaca"},"content":{"rendered":"\n<p>Raymundo Morales\/Zona Roja.<\/p>\n\n\n\n<p>Oaxaca de Ju\u00e1rez, Oax., a 27 de febrero de 2025.- Al cumplirse el plazo de 10 d\u00edas, el Instituto Estatal de Educaci\u00f3n P\u00fablica de Oaxaca (IEEPO) no ha tenido ning\u00fan acercamiento con los estudiantes normalistas, por lo cual prev\u00e9n arreciar sus protestas a partir de ma\u00f1ana viernes.<\/p>\n\n\n\n<p>Despu\u00e9s del mediod\u00eda de hoy y tras una conferencia de prensa, los integrantes de la Coordinadora Estudiantil Normalista del Estado de Oaxaca (CENEO) efectu\u00f3 una marcha multitudinaria de la Fuente de las Ocho Regiones al z\u00f3calo.<\/p>\n\n\n\n<p>De acuerdo con la representaci\u00f3n de los estudiantes, entre las demandas se encuentran garantizar la permanencia de las 11 escuelas normales de la entidad.<\/p>\n\n\n\n<p>El reconocimiento de los diplomados de la escuela de educaci\u00f3n especial; respeto a la matr\u00edcula de nuevo ingreso de los planteles; que se cubra la plantilla docente con maestros capacitados, de acuerdo con las necesidades de cada una de las normales.<\/p>\n\n\n\n<p>\u201cSe dio de plazo 10 d\u00edas h\u00e1biles para que se atendieran nuestras peticiones de manera favorable\u2026 le damos un ultim\u00e1tum al gobierno para que d\u00e9 respuestas favorables a las exigencias, de lo contrario nos estaremos movilizando\u201d, destacaron.<\/p>\n\n\n\n<p>Lamentaron que hasta la fecha, ni el director del IEEPO, Emilio Montero P\u00e9rez, ni ning\u00fan otro funcionario, ha tenido acercamiento con ellos, luego de entregar su pliego petitorio el pasado 13 de febrero.<\/p>\n\n\n\n<p>\u201cNo ha habido ning\u00fan acercamiento por esa instituci\u00f3n ni por ninguna otra\u201d, recalcaron.<\/p>\n\n\n\n<figure class=\"wp-block-embed is-type-rich is-provider-twitter wp-block-embed-twitter\"><div class=\"wp-block-embed__wrapper\">\n<div class=\"twitter-tweet\"><blockquote class=\"twitter-tweet\" data-lang=\"es\"><p lang=\"es\" dir=\"ltr\"><a href=\"https:\/\/twitter.com\/hashtag\/%C3%9AltimoMinuto?src=hash&amp;ref_src=twsrc%5Etfw\">#\u00daltimoMinuto<\/a><br>Se cumplen 10 d\u00edas que dio de plazo la Coordinadora Estudiantil Normalista del Estado de Oaxaca (CENEO) y el <a href=\"https:\/\/twitter.com\/IEEPOGobOax?ref_src=twsrc%5Etfw\">@IEEPOGobOax<\/a> no dio respuesta a su pliego petitorio. <br>Realizan una marcha de la fuente de las Ocho Regiones al z\u00f3calo de la capital; prev\u00e9n intensificar\u2026 <a href=\"https:\/\/t.co\/jrFo4upEcj\">pic.twitter.com\/jrFo4upEcj<\/a><\/p>&mdash; Zona Roja Oaxaca (@ZonaRoja_Oaxaca) <a href=\"https:\/\/twitter.com\/ZonaRoja_Oaxaca\/status\/1895199802675110230?ref_src=twsrc%5Etfw\">27 de febrero de 2025<\/a><\/blockquote><\/div>\n<\/div><\/figure>\n","protected":false},"excerpt":{"rendered":"<p>Raymundo Morales\/Zona Roja. Oaxaca de Ju\u00e1rez, Oax., a 27 de febrero de 2025.- Al cumplirse&hellip;<\/p>\n","protected":false},"author":2,"featured_media":77945,"comment_status":"closed","ping_status":"open","sticky":false,"template":"","format":"standard","meta":{"_lmt_disableupdate":"","_lmt_disable":"","_jetpack_memberships_contains_paid_content":false,"footnotes":""},"categories":[109,47],"tags":[1926],"class_list":["post-77944","post","type-post","status-publish","format-standard","has-post-thumbnail","hentry","category-minuto-a-minuto","category-zona-gris","tag-coordinadora-estudiantil-normalista-del-estado-de-oaxaca-ceneo"],"jetpack_featured_media_url":"https:\/\/zonaroja.com.mx\/wp-content\/uploads\/2025\/02\/Marcha-normalistas-ciudad-de-Oaxaca.jpg","jetpack_sharing_enabled":true,"_links":{"self":[{"href":"https:\/\/zonaroja.com.mx\/index.php?rest_route=\/wp\/v2\/posts\/77944","targetHints":{"allow":["GET"]}}],"collection":[{"href":"https:\/\/zonaroja.com.mx\/index.php?rest_route=\/wp\/v2\/posts"}],"about":[{"href":"https:\/\/zonaroja.com.mx\/index.php?rest_route=\/wp\/v2\/types\/post"}],"author":[{"embeddable":true,"href":"https:\/\/zonaroja.com.mx\/index.php?rest_route=\/wp\/v2\/users\/2"}],"replies":[{"embeddable":true,"href":"https:\/\/zonaroja.com.mx\/index.php?rest_route=%2Fwp%2Fv2%2Fcomments&post=77944"}],"version-history":[{"count":1,"href":"https:\/\/zonaroja.com.mx\/index.php?rest_route=\/wp\/v2\/posts\/77944\/revisions"}],"predecessor-version":[{"id":77946,"href":"https:\/\/zonaroja.com.mx\/index.php?rest_route=\/wp\/v2\/posts\/77944\/revisions\/77946"}],"wp:featuredmedia":[{"embeddable":true,"href":"https:\/\/zonaroja.com.mx\/index.php?rest_route=\/wp\/v2\/media\/77945"}],"wp:attachment":[{"href":"https:\/\/zonaroja.com.mx\/index.php?rest_route=%2Fwp%2Fv2%2Fmedia&parent=77944"}],"wp:term":[{"taxonomy":"category","embeddable":true,"href":"https:\/\/zonaroja.com.mx\/index.php?rest_route=%2Fwp%2Fv2%2Fcategories&post=77944"},{"taxonomy":"post_tag","embeddable":true,"href":"https:\/\/zonaroja.com.mx\/index.php?rest_route=%2Fwp%2Fv2%2Ftags&post=77944"}],"curies":[{"name":"wp","href":"https:\/\/api.w.org\/{rel}","templated":true}]}}