{"id":77947,"date":"2025-02-27T21:57:54","date_gmt":"2025-02-28T03:57:54","guid":{"rendered":"https:\/\/zonaroja.com.mx\/?p=77947"},"modified":"2025-02-27T21:57:56","modified_gmt":"2025-02-28T03:57:56","slug":"instalan-en-congreso-comision-especial-del-bicentenario-de-constitucion","status":"publish","type":"post","link":"https:\/\/zonaroja.com.mx\/?p=77947","title":{"rendered":"Instalan en Congreso Comisi\u00f3n Especial del Bicentenario de Constituci\u00f3n"},"content":{"rendered":"\n<p>Redacci\u00f3n\/Zona Roja.<\/p>\n\n\n\n<p>Oaxaca de Ju\u00e1rez, Oax., a 27 de febrero de 2025.- El presidente de la Junta de Coordinaci\u00f3n Pol\u00edtica (Jucopo) del Congreso del Estado, Benjam\u00edn Viveros Montalvo, encabez\u00f3 la instalaci\u00f3n de la Comisi\u00f3n Especial del Bicentenario de la Primera Constituci\u00f3n Pol\u00edtica de Oaxaca.<\/p>\n\n\n\n<p>Se trata de la instancia encargada de coordinar y planificar de manera integral las actividades, eventos, homenajes y acciones alusivas a los 200 a\u00f1os de la vigencia de la Carta Magna desde el Poder Legislativo.<\/p>\n\n\n\n<p>En este contexto se procedi\u00f3 con la toma de protesta de ley a quienes son parte, de conformidad con el acuerdo 87 aprobado por el Pleno el pasado 11 de febrero del presente a\u00f1o y en t\u00e9rminos del art\u00edculo 24 del Reglamento Interior de la C\u00e1mara de representantes populares.<\/p>\n\n\n\n<p>Quedando de la siguiente forma: la diputada Tania Caballero Navarro como Presidenta y como integrantes las legisladoras Sandra Daniela Taurino Jim\u00e9nez, Elisa Zepeda Lagunas y Analy Peral Vivar; as\u00ed como el diputado Isaac L\u00f3pez L\u00f3pez.<\/p>\n\n\n\n<p>En este sentido, Caballero Navarro inform\u00f3 a sus hom\u00f3logas y hom\u00f3logos, as\u00ed como a integrantes de la Comisi\u00f3n Estatal para la Conmemoraci\u00f3n del Bicentenario de la Primera Constituci\u00f3n Pol\u00edtica del Estado libre y Soberano de Oaxaca del Poder Ejecutivo, el calendario anual de actividades, entre los que se encuentran la realizaci\u00f3n de foros sobre las constituciones de Oaxaca y la protecci\u00f3n de los derechos de la ni\u00f1ez y juventudes.<\/p>\n\n\n\n<p>Asimismo, sobre las mujeres constituyentes en la historia de la entidad, un seminario de la comunidad LGBTTTIQ+, encuentro con organizaciones ambientales sobre el reconocimiento constitucional del derecho a un medio ambiente sano, entre otras.<\/p>\n\n\n\n<p>Hizo \u00e9nfasis al se\u00f1alar que la Constituci\u00f3n de hace 200 a\u00f1os represent\u00f3 un gran cambio en la vida pol\u00edtica y social del estado, y por lo consiguiente, la sociedad actual merece tener una legislaci\u00f3n de acuerdo con sus necesidades.<\/p>\n\n\n\n<p>En este marco, el presidente de la Jucopo y la Presidente de la Comisi\u00f3n antes citada, hicieron la entrega del informe relativo a las iniciativas de reforma constitucional promovidas por diputadas y diputados de la LXVI Legislatura en diversos rubros al presidente Sustituto de la Comisi\u00f3n Estatal para la Conmemoraci\u00f3n del Bicentenario de la Primera Constituci\u00f3n Pol\u00edtica del Estado de Oaxaca, Geovany V\u00e1squez Sagrero y al secretario T\u00e9cnico de la misma, Ra\u00fal \u00c1vila Ortiz.<\/p>\n\n\n\n<p>Al hacer uso de la palabra, el Presidente de la Jucopo y Coordinador del Grupo Parlamentario de Morena, dijo que la promulgaci\u00f3n de la primera Ley Suprema de Oaxaca que se consagr\u00f3 en 1825 no solo fue un acto jur\u00eddico, sino tambi\u00e9n pol\u00edtico, cultural y social, que permiti\u00f3 consolidar la autonom\u00eda y soberan\u00eda del estado.<\/p>\n\n\n\n<p>\u201cFue un faro de derechos y principios que sentaron las bases de nuestra convivencia democr\u00e1tica, cimentando el camino hacia el Oaxaca intercultural y plural que so\u00f1aron nuestros primeros constituyentes. Hoy buscamos recordar nuestra historia y revivir los valores de justicia, democracia, igualdad y respeto a los derechos humanos que esta Constituci\u00f3n reflejaba en su tiempo, y que hoy, siguen siendo vigentes para nuestra sociedad\u201d, enfatiz\u00f3.<\/p>\n\n\n\n<p>Por ello consider\u00f3 que como legisladoras y legisladores se tiene el deber de aprender de la historia para consolidar un territorio m\u00e1s libre, m\u00e1s justo, m\u00e1s equitativo, plural, diverso y respetuoso de las garant\u00edas de sus habitantes.<\/p>\n\n\n\n<p>De ah\u00ed que, manifest\u00f3 que la instalaci\u00f3n de la Comisi\u00f3n del Poder Ejecutivo no debe ser vista solamente como un acto ceremonial, sino como una oportunidad para reforzar el compromiso con los principios republicanos a\u00fan vigentes, rendir un homenaje a aquellos que con su esfuerzo y visi\u00f3n construyeron la entidad que hoy conocemos.<\/p>\n\n\n\n<p>Viveros Montalvo hizo un llamado a todos los sectores sociales, a la sociedad civil, instituciones acad\u00e9micas, a las y los j\u00f3venes, los pueblos originarios, a trabajadoras y trabajadores, de igual forma, a las voces que componen el alma de Oaxaca, a sumarse a este esfuerzo colectivo, y mantener viva la memoria hist\u00f3rica de nuestra identidad, cultura y luchas.<\/p>\n\n\n\n<p>Por su parte, el Presidente Sustituto de la Comisi\u00f3n Estatal para la Conmemoraci\u00f3n del Bicentenario de la Primera Constituci\u00f3n Pol\u00edtica del Estado de Oaxaca del Poder Ejecutivo, mencion\u00f3 que lo que se busca es consolidar un texto normativo de manera conjunta y adelant\u00f3 las actividades que se contin\u00faan impulsando para nutrir este documento con las diferentes visiones de los Tres Poderes del Estado.<\/p>\n\n\n\n<p>Cabe destacar que presenciaron esta sesi\u00f3n de instalaci\u00f3n efectuada el mi\u00e9rcoles 26 de febrero siendo las 20 horas con seis minutos algunas y algunos representantes de los Grupos Parlamentarios de Morena, Partido del Trabajo (PT), Partido Verde Ecologista de M\u00e9xico (PVEM), Fuerza por Oaxaca y Grupo Plural, entre otras personalidades.<\/p>\n","protected":false},"excerpt":{"rendered":"<p>Redacci\u00f3n\/Zona Roja. Oaxaca de Ju\u00e1rez, Oax., a 27 de febrero de 2025.- El presidente de&hellip;<\/p>\n","protected":false},"author":2,"featured_media":77948,"comment_status":"closed","ping_status":"open","sticky":false,"template":"","format":"standard","meta":{"_lmt_disableupdate":"","_lmt_disable":"","_jetpack_memberships_contains_paid_content":false,"footnotes":""},"categories":[109,46],"tags":[214],"class_list":["post-77947","post","type-post","status-publish","format-standard","has-post-thumbnail","hentry","category-minuto-a-minuto","category-zona-blanca","tag-congreso-del-estado"],"jetpack_featured_media_url":"https:\/\/zonaroja.com.mx\/wp-content\/uploads\/2025\/02\/Sesion-de-Instalacion-Comision-Bicentenario_Poder-Legislativo-2_.jpeg","jetpack_sharing_enabled":true,"_links":{"self":[{"href":"https:\/\/zonaroja.com.mx\/index.php?rest_route=\/wp\/v2\/posts\/77947","targetHints":{"allow":["GET"]}}],"collection":[{"href":"https:\/\/zonaroja.com.mx\/index.php?rest_route=\/wp\/v2\/posts"}],"about":[{"href":"https:\/\/zonaroja.com.mx\/index.php?rest_route=\/wp\/v2\/types\/post"}],"author":[{"embeddable":true,"href":"https:\/\/zonaroja.com.mx\/index.php?rest_route=\/wp\/v2\/users\/2"}],"replies":[{"embeddable":true,"href":"https:\/\/zonaroja.com.mx\/index.php?rest_route=%2Fwp%2Fv2%2Fcomments&post=77947"}],"version-history":[{"count":1,"href":"https:\/\/zonaroja.com.mx\/index.php?rest_route=\/wp\/v2\/posts\/77947\/revisions"}],"predecessor-version":[{"id":77949,"href":"https:\/\/zonaroja.com.mx\/index.php?rest_route=\/wp\/v2\/posts\/77947\/revisions\/77949"}],"wp:featuredmedia":[{"embeddable":true,"href":"https:\/\/zonaroja.com.mx\/index.php?rest_route=\/wp\/v2\/media\/77948"}],"wp:attachment":[{"href":"https:\/\/zonaroja.com.mx\/index.php?rest_route=%2Fwp%2Fv2%2Fmedia&parent=77947"}],"wp:term":[{"taxonomy":"category","embeddable":true,"href":"https:\/\/zonaroja.com.mx\/index.php?rest_route=%2Fwp%2Fv2%2Fcategories&post=77947"},{"taxonomy":"post_tag","embeddable":true,"href":"https:\/\/zonaroja.com.mx\/index.php?rest_route=%2Fwp%2Fv2%2Ftags&post=77947"}],"curies":[{"name":"wp","href":"https:\/\/api.w.org\/{rel}","templated":true}]}}