{"id":77953,"date":"2025-02-28T08:15:00","date_gmt":"2025-02-28T14:15:00","guid":{"rendered":"https:\/\/zonaroja.com.mx\/?p=77953"},"modified":"2025-02-28T08:15:40","modified_gmt":"2025-02-28T14:15:40","slug":"va-paro-de-policias-por-tercer-dia-rechazaron-propuestas-del-gobierno","status":"publish","type":"post","link":"https:\/\/zonaroja.com.mx\/?p=77953","title":{"rendered":"Va paro de polic\u00edas por tercer d\u00eda; renuncia comisionado al cargo"},"content":{"rendered":"\n<p>Ismael Garc\u00eda M.\/Zona Roja.<\/p>\n\n\n\n<p>Oaxaca de Ju\u00e1rez, Oax., a 28 de febrero de 2025.- El paro parcial de elementos de la Polic\u00eda Estatal de Oaxaca va por su tercer d\u00eda.<\/p>\n\n\n\n<p>A esta jornada de lucha por la dignificaci\u00f3n de su labor y en rechazo a los supuestos despidos laborales, se han sumado elementos del interior del estado y ha recibido el respaldo de otras corporaciones, como la municipal de Oaxaca de Ju\u00e1rez y la Polic\u00eda Auxiliar (PABIC).<\/p>\n\n\n\n<p>Esta ma\u00f1ana, la Secretar\u00eda de Seguridad y Protecci\u00f3n Ciudadana del gobierno de Oaxaca dio a conocer que acept\u00f3 la renuncia de Pl\u00e1cido Jarqu\u00edn como comisionado de la Polic\u00eda Estatal, quien hab\u00eda asumido el mando el 2 de agosto de 2024.<\/p>\n\n\n\n<p>Esta es una de las exigencias de los uniformados inconformes y se espera que con ello se destense la situaci\u00f3n de inconformidad.<\/p>\n\n\n\n<p>En tanto, ayer por la tarde, la responsable del Secretariado Ejecutivo del Sistema Estatal de Seguridad P\u00fablica de Oaxaca, Karina Bar\u00f3n Ortiz, arrib\u00f3 al cuartel ubicado en Santa Mar\u00eda Coyotepec, para presentar una serie de propuestas.<\/p>\n\n\n\n<p>En tanto los manifestantes presentaron su pliego petitorio ampliado de 17 puntos, en que exigen incremento a los haberes, entre ellos el de vi\u00e1ticos; la renuncia del Comisionado Estatal -ya cumplida-; la revisi\u00f3n del sistema de pensiones; la reincorporaci\u00f3n de personal despedido en otras \u00e1reas.<\/p>\n\n\n\n<p>Asimismo, que, cuando se levante el paro de labores, que no haya represalias en contra de quienes realizan la protesta.<\/p>\n\n\n\n<p>Al no haber respuesta inmediata, los uniformados inconformes determinaron continuar el paro de labores, que inici\u00f3 el mi\u00e9rcoles por la ma\u00f1ana, originalmente en rechazo al despido de m\u00e1s de 200 elementos.<\/p>\n\n\n\n<p>En tanto, ayer en la conferencia de prensa en Huajuapan de Le\u00f3n, el gobernador Salom\u00f3n Jara Cruz precis\u00f3 que hay atenci\u00f3n a las demandas de los polic\u00edas.<\/p>\n\n\n\n<p>Incluso, dijo, se tiene contemplado incorporarlos al esquema de viviendas del gobierno federal, que en Oaxaca contempla la construcci\u00f3n de 66 mil casas-habitaci\u00f3n.<\/p>\n\n\n\n<p>Adem\u00e1s, se revisar\u00e1 el sistema de pensiones, con la finalidad de mejorar este esquema para el caso de retiro de los elementos.<\/p>\n","protected":false},"excerpt":{"rendered":"<p>Ismael Garc\u00eda M.\/Zona Roja. Oaxaca de Ju\u00e1rez, Oax., a 28 de febrero de 2025.- El&hellip;<\/p>\n","protected":false},"author":2,"featured_media":77954,"comment_status":"closed","ping_status":"open","sticky":false,"template":"","format":"standard","meta":{"_lmt_disableupdate":"","_lmt_disable":"","_jetpack_memberships_contains_paid_content":false,"footnotes":""},"categories":[109,47],"tags":[4232],"class_list":["post-77953","post","type-post","status-publish","format-standard","has-post-thumbnail","hentry","category-minuto-a-minuto","category-zona-gris","tag-paro-policias-de-oaxaca"],"jetpack_featured_media_url":"https:\/\/zonaroja.com.mx\/wp-content\/uploads\/2025\/02\/PAro-de-policias-Oaxaca.jpg","jetpack_sharing_enabled":true,"_links":{"self":[{"href":"https:\/\/zonaroja.com.mx\/index.php?rest_route=\/wp\/v2\/posts\/77953","targetHints":{"allow":["GET"]}}],"collection":[{"href":"https:\/\/zonaroja.com.mx\/index.php?rest_route=\/wp\/v2\/posts"}],"about":[{"href":"https:\/\/zonaroja.com.mx\/index.php?rest_route=\/wp\/v2\/types\/post"}],"author":[{"embeddable":true,"href":"https:\/\/zonaroja.com.mx\/index.php?rest_route=\/wp\/v2\/users\/2"}],"replies":[{"embeddable":true,"href":"https:\/\/zonaroja.com.mx\/index.php?rest_route=%2Fwp%2Fv2%2Fcomments&post=77953"}],"version-history":[{"count":2,"href":"https:\/\/zonaroja.com.mx\/index.php?rest_route=\/wp\/v2\/posts\/77953\/revisions"}],"predecessor-version":[{"id":77961,"href":"https:\/\/zonaroja.com.mx\/index.php?rest_route=\/wp\/v2\/posts\/77953\/revisions\/77961"}],"wp:featuredmedia":[{"embeddable":true,"href":"https:\/\/zonaroja.com.mx\/index.php?rest_route=\/wp\/v2\/media\/77954"}],"wp:attachment":[{"href":"https:\/\/zonaroja.com.mx\/index.php?rest_route=%2Fwp%2Fv2%2Fmedia&parent=77953"}],"wp:term":[{"taxonomy":"category","embeddable":true,"href":"https:\/\/zonaroja.com.mx\/index.php?rest_route=%2Fwp%2Fv2%2Fcategories&post=77953"},{"taxonomy":"post_tag","embeddable":true,"href":"https:\/\/zonaroja.com.mx\/index.php?rest_route=%2Fwp%2Fv2%2Ftags&post=77953"}],"curies":[{"name":"wp","href":"https:\/\/api.w.org\/{rel}","templated":true}]}}