{"id":77956,"date":"2025-02-28T09:41:00","date_gmt":"2025-02-28T15:41:00","guid":{"rendered":"https:\/\/zonaroja.com.mx\/?p=77956"},"modified":"2025-02-28T07:43:19","modified_gmt":"2025-02-28T13:43:19","slug":"ejecutan-a-balazos-a-un-individuo-en-juchitan-y-a-otro-en-villa-de-etla","status":"publish","type":"post","link":"https:\/\/zonaroja.com.mx\/?p=77956","title":{"rendered":"Ejecutan a balazos a un individuo en Juchit\u00e1n y a otro en Villa de Etla"},"content":{"rendered":"\n<p>Raymundo Morales\/Zona Roja.<\/p>\n\n\n\n<p>Oaxaca de Ju\u00e1rez, Oax., a 28 de febrero de 2025.- Un mototaxistas fue atacado a balazos anoche en el municipio de Juchit\u00e1n de Zaragoza y perdi\u00f3 la vida horas despu\u00e9s en un hospital.<\/p>\n\n\n\n<p>La agresi\u00f3n armada ocurri\u00f3 en una vialidad de la colonia Lorenza Santiago, donde sujetos armados dispararon en contra del chofer de la unidad, tras lo cual huyeron.<\/p>\n\n\n\n<p>Vecinos y param\u00e9dicos auxiliaron al lesionado y lo trasladaron a un hospital de la cabecera municipal; sin embargo, debido a la gravedad de las lesiones perdi\u00f3 la vida.<\/p>\n\n\n\n<p>La v\u00edctima fue identificada como Luis Ernesto C. T., de aproximadamente 29 a\u00f1os de edad y la Vicefiscal\u00eda Regional del Istmo indaga las causas del ataque as\u00ed como la identidad de los agresores.<\/p>\n\n\n\n<p>Por otra parte, anoche cerca de las 22:00 horas, un sujeto fue ultimado a balazos en el interior de un bar denominado \u201cMerequetengue\u201d, en la Villa de Etla, regi\u00f3n Valles Centrales de Oaxaca.<\/p>\n\n\n\n<p>Sujetos provistos de arma de fuego ingresaron al establecimiento ubicado en la calle Melchor Ocampo y dispararon de manera directa en contra de la v\u00edctima, hasta ahora a\u00fan no identificada.<\/p>\n\n\n\n<p>Peritos y agentes de investigaci\u00f3n de la Fiscal\u00eda General del Estado arribaron al lugar para iniciar las diligencias correspondientes.<\/p>\n\n\n\n<p>Por otra parte, como se inform\u00f3 previamente, por la ma\u00f1ana de ayer un catedr\u00e1tico universitario fue atacado a balazos en jurisdicci\u00f3n del municipio de Tlalixtac de Cabrera, cuando viajaba a bordo de su camioneta.<\/p>\n\n\n\n<p>Ileso, logr\u00f3 huir de los agresores y acudi\u00f3 a una cl\u00ednica de Santa Luc\u00eda del Camino, donde arribaron elementos ministeriales para comenzar las indagatorias.<\/p>\n","protected":false},"excerpt":{"rendered":"<p>Raymundo Morales\/Zona Roja. Oaxaca de Ju\u00e1rez, Oax., a 28 de febrero de 2025.- Un mototaxistas&hellip;<\/p>\n","protected":false},"author":2,"featured_media":77957,"comment_status":"closed","ping_status":"open","sticky":false,"template":"","format":"standard","meta":{"_lmt_disableupdate":"","_lmt_disable":"","_jetpack_memberships_contains_paid_content":false,"footnotes":""},"categories":[109,51],"tags":[123],"class_list":["post-77956","post","type-post","status-publish","format-standard","has-post-thumbnail","hentry","category-minuto-a-minuto","category-zona-roja","tag-juchitan-de-zaragoza"],"jetpack_featured_media_url":"https:\/\/zonaroja.com.mx\/wp-content\/uploads\/2025\/02\/Mototaxista-asesinado-Juchitan.jpg","jetpack_sharing_enabled":true,"_links":{"self":[{"href":"https:\/\/zonaroja.com.mx\/index.php?rest_route=\/wp\/v2\/posts\/77956","targetHints":{"allow":["GET"]}}],"collection":[{"href":"https:\/\/zonaroja.com.mx\/index.php?rest_route=\/wp\/v2\/posts"}],"about":[{"href":"https:\/\/zonaroja.com.mx\/index.php?rest_route=\/wp\/v2\/types\/post"}],"author":[{"embeddable":true,"href":"https:\/\/zonaroja.com.mx\/index.php?rest_route=\/wp\/v2\/users\/2"}],"replies":[{"embeddable":true,"href":"https:\/\/zonaroja.com.mx\/index.php?rest_route=%2Fwp%2Fv2%2Fcomments&post=77956"}],"version-history":[{"count":1,"href":"https:\/\/zonaroja.com.mx\/index.php?rest_route=\/wp\/v2\/posts\/77956\/revisions"}],"predecessor-version":[{"id":77958,"href":"https:\/\/zonaroja.com.mx\/index.php?rest_route=\/wp\/v2\/posts\/77956\/revisions\/77958"}],"wp:featuredmedia":[{"embeddable":true,"href":"https:\/\/zonaroja.com.mx\/index.php?rest_route=\/wp\/v2\/media\/77957"}],"wp:attachment":[{"href":"https:\/\/zonaroja.com.mx\/index.php?rest_route=%2Fwp%2Fv2%2Fmedia&parent=77956"}],"wp:term":[{"taxonomy":"category","embeddable":true,"href":"https:\/\/zonaroja.com.mx\/index.php?rest_route=%2Fwp%2Fv2%2Fcategories&post=77956"},{"taxonomy":"post_tag","embeddable":true,"href":"https:\/\/zonaroja.com.mx\/index.php?rest_route=%2Fwp%2Fv2%2Ftags&post=77956"}],"curies":[{"name":"wp","href":"https:\/\/api.w.org\/{rel}","templated":true}]}}