{"id":7796,"date":"2020-01-18T11:33:57","date_gmt":"2020-01-18T17:33:57","guid":{"rendered":"https:\/\/www.zonaroja.com.mx\/?p=7796"},"modified":"2020-01-18T11:34:00","modified_gmt":"2020-01-18T17:34:00","slug":"favorable-el-balance-de-inicio-de-administraciones-municipales-en-oaxaca-segego","status":"publish","type":"post","link":"https:\/\/zonaroja.com.mx\/?p=7796","title":{"rendered":"Favorable el balance de inicio de administraciones municipales en Oaxaca: Segego"},"content":{"rendered":"\n<p>Evlin Arag\u00f3n\/Zona Roja.<\/p>\n\n\n\n<p>Oaxaca de Ju\u00e1rez, Oax., 18 de enero de 2020.1 El titular de la Secretar\u00eda General de Gobierno (Segego), H\u00e9ctor Anuar Mafud Mafud, calific\u00f3 de positivo el balance en torno a la toma de protesta de m\u00e1s 400 autoridades municipales en Oaxaca, que se rigen por Sistemas Normativos Internos, a inicios de este 2020.<\/p>\n\n\n\n<p>El funcionario destac\u00f3 que no se registraron hechos violentos que lamentar como en otras ocasiones, m\u00e9rito de las propias comunidades ind\u00edgenas que muestran voluntad por vivir en paz, con el debido acompa\u00f1amiento de las autoridades estatales.<\/p>\n\n\n\n<p>\u201cEs el m\u00e9rito real y mayor es de las comunidades que muestran siempre voluntad por vivir en tranquilidad, en paz; tienen una vieja tradici\u00f3n de solidaridad, por eso hay que escucharlos y estar pendientes de sus procesos sin intervenir de forma directa, pero estar listos ante cualquier llamado\u201d, dijo el responsable de la pol\u00edtica interna en la entidad.<\/p>\n\n\n\n<p>Reiter\u00f3 que la gran riqueza de Oaxaca son sus pueblos ind\u00edgenas, a quienes reconoci\u00f3 la civilidad en la que se condujeron la mayor cantidad de procesos electorales y que evitaron que el a\u00f1o iniciara con la \u201ctoma\u201d de palacios y hechos violentos como en otras ocasiones.<\/p>\n\n\n\n<p>De acuerdo con datos hemerogr\u00e1ficos, uno de los pocos conflictos poselectorales se vivi\u00f3 en Santiago Astata, municipio en el que sus habitantes s\u00ed tomaron el palacio municipal para demostrar su inconformidad por el triunfo de Dorian Ric\u00e1rdez como presidente municipal, a quien acusan de \u201chuachicolero\u201d y de querer privatizar las playas de la localidad, por lo que tambi\u00e9n han protagonizado bloqueos en la zona del Istmo.<\/p>\n\n\n\n<p>En torno a los conflictos agrarios y el trabajo que realiza la Segego, Mafud Mafud explic\u00f3 que hay di\u00e1logo con todas las comunidades, organizaciones, partidos pol\u00edticos, autoridades municipales y agrarias que se han acercado a plantear la soluci\u00f3n de alg\u00fan tipo de conflicto, siempre ponderando como instrumento principal el di\u00e1logo.<\/p>\n\n\n\n<p>\u201cAunque al calor de los \u00e1nimos digan lo contrario, la realidad es que la autoridad ha escuchado a todas las partes y trabajamos para solucionar cada uno de los conflictos que se registran en nuestro territorio\u201d, expres\u00f3.<\/p>\n\n\n\n<p>Lo anterior ha permitido la soluci\u00f3n real de 34 conflictos agrarios que podr\u00eda incrementar a 40 en los pr\u00f3ximos d\u00edas debido a los trabajos ya avanzados que registran con otras comunidades, aunque reconoci\u00f3 que siempre depender\u00e1 de la disposici\u00f3n de la poblaci\u00f3n y autoridades de cada una de las localidades.&nbsp;&nbsp;<\/p>\n\n\n\n<p>Uno de los conflictos que sigue pendiente de resolver es el que se registra en la zona mixe entre las comunidades de San Pedro y San Pablo Ayutla y Tamazul\u00e1pam del Esp\u00edritu Santo, el cual impide el acceso del agua potable a la primera localidad quien ha protagonizado varias protestas pacificas para hacer evidente la situaci\u00f3n y exigir la soluci\u00f3n inmediata que no se ha concretado.<br class=\"Apple-interchange-newline\" \/><\/p>\n","protected":false},"excerpt":{"rendered":"<p>Evlin Arag\u00f3n\/Zona Roja. Oaxaca de Ju\u00e1rez, Oax., 18 de enero de 2020.1 El titular de&hellip;<\/p>\n","protected":false},"author":2,"featured_media":7795,"comment_status":"closed","ping_status":"open","sticky":false,"template":"","format":"standard","meta":{"_lmt_disableupdate":"","_lmt_disable":"","_jetpack_memberships_contains_paid_content":false,"footnotes":""},"categories":[109,46],"tags":[1096],"class_list":["post-7796","post","type-post","status-publish","format-standard","has-post-thumbnail","hentry","category-minuto-a-minuto","category-zona-blanca","tag-hector-anuar-mafud-mafud"],"jetpack_featured_media_url":"https:\/\/zonaroja.com.mx\/wp-content\/uploads\/2020\/01\/ezy-watermark_18-01-2020_11-33-05a.m..jpg","jetpack_sharing_enabled":true,"_links":{"self":[{"href":"https:\/\/zonaroja.com.mx\/index.php?rest_route=\/wp\/v2\/posts\/7796","targetHints":{"allow":["GET"]}}],"collection":[{"href":"https:\/\/zonaroja.com.mx\/index.php?rest_route=\/wp\/v2\/posts"}],"about":[{"href":"https:\/\/zonaroja.com.mx\/index.php?rest_route=\/wp\/v2\/types\/post"}],"author":[{"embeddable":true,"href":"https:\/\/zonaroja.com.mx\/index.php?rest_route=\/wp\/v2\/users\/2"}],"replies":[{"embeddable":true,"href":"https:\/\/zonaroja.com.mx\/index.php?rest_route=%2Fwp%2Fv2%2Fcomments&post=7796"}],"version-history":[{"count":1,"href":"https:\/\/zonaroja.com.mx\/index.php?rest_route=\/wp\/v2\/posts\/7796\/revisions"}],"predecessor-version":[{"id":7797,"href":"https:\/\/zonaroja.com.mx\/index.php?rest_route=\/wp\/v2\/posts\/7796\/revisions\/7797"}],"wp:featuredmedia":[{"embeddable":true,"href":"https:\/\/zonaroja.com.mx\/index.php?rest_route=\/wp\/v2\/media\/7795"}],"wp:attachment":[{"href":"https:\/\/zonaroja.com.mx\/index.php?rest_route=%2Fwp%2Fv2%2Fmedia&parent=7796"}],"wp:term":[{"taxonomy":"category","embeddable":true,"href":"https:\/\/zonaroja.com.mx\/index.php?rest_route=%2Fwp%2Fv2%2Fcategories&post=7796"},{"taxonomy":"post_tag","embeddable":true,"href":"https:\/\/zonaroja.com.mx\/index.php?rest_route=%2Fwp%2Fv2%2Ftags&post=7796"}],"curies":[{"name":"wp","href":"https:\/\/api.w.org\/{rel}","templated":true}]}}