{"id":77962,"date":"2025-02-28T10:34:00","date_gmt":"2025-02-28T16:34:00","guid":{"rendered":"https:\/\/zonaroja.com.mx\/?p=77962"},"modified":"2025-02-28T11:40:38","modified_gmt":"2025-02-28T17:40:38","slug":"intensifica-el-magisterio-de-oaxaca-su-jornada-de-lucha-ante-nulas-respuestas","status":"publish","type":"post","link":"https:\/\/zonaroja.com.mx\/?p=77962","title":{"rendered":"Intensifica el magisterio de Oaxaca su jornada de lucha, ante nulas respuestas"},"content":{"rendered":"\n<p>Ismael Garc\u00eda M.\/Zona Roja.<\/p>\n\n\n\n<p>Oaxaca de Ju\u00e1rez, Oax.,a 28 de febrero de 2024.- A\u00fan cuando lograron el compromiso por escrito de cancelar la iniciativa de reforma a la Ley del ISSSTE, que present\u00f3 el 9 de febrero pasado la Presidenta Claudia Sheinbaum, el magisterio de Oaxaca intensific\u00f3 su jornada de lucha este viernes.<\/p>\n\n\n\n<p>Ahora bloquea totalmente las casetas de peaje del estado, entre ellas Barranca Larga, de la supercarretera a la Costa; Huitzo, de la supercarretera a M\u00e9xico, y Mitla, de la supercarretera al Istmo.<\/p>\n\n\n\n<p>Asimismo, cerr\u00f3 desde esta ma\u00f1ana la carretera Oaxaca-Istmo, a la altura de la planta de almacenamiento de Pemex, en jurisdicci\u00f3n del municipio de Santa Mar\u00eda El Tule.<\/p>\n\n\n\n<p>En tanto, alrededor de las 10:30, un grupo de docentes \u201ctom\u00f3\u201d varios autobuses del transporte de pasajeros, as\u00ed como camiones de mercanc\u00edas, con los cuales bloque\u00f3 los dos carriles de la v\u00eda al Istmo, a la altura de Santa Luc\u00eda del Camino, donde adem\u00e1s bloquean oficinas federales de la zona. <\/p>\n\n\n\n<p>La raz\u00f3n es, primero, la nula respuesta y desatenci\u00f3n anoche, por parte de la Secretar\u00eda de Gobernaci\u00f3n y la Secretar\u00eda de Educaci\u00f3n P\u00fablica, en la mesa de trabajo instalada en la sede de esta \u00faltima instituci\u00f3n, la cual cerraron los acceso.<\/p>\n\n\n\n<p>Al filo de la media noche, finalmente sali\u00f3 la dirigencia del magisterio adherida a la Coordinadora Nacional de Trabajadores de la Educaci\u00f3n (CNTE), y la secretaria General de Oaxaca, Yenny Aracely P\u00e9rez Mart\u00ednez, dio a conocer los acuerdos.<\/p>\n\n\n\n<p>Entre ellos la cancelaci\u00f3n de la propuesta de reforma a la Ley del ISSSTE reciente, pero no la que data de 2007, una de las principales demandas de la Secci\u00f3n 22, por lo cual ordenaron desde anoche un cierre parcial de vialidades en Oaxaca.<\/p>\n\n\n\n<p>Tambi\u00e9n, Mario Delgado, titular de la SEP, no dio respuesta a las demandas de equipamiento, \u00fatiles y uniformes escolares, que se hab\u00eda comprometido en Oaxaca el pasado 30 de enero.<\/p>\n\n\n\n<p>Por lo cual la Secci\u00f3n 22 acord\u00f3 intensificar sus acciones este mismo viernes, que se prev\u00e9n extender el fin de semana, en caso de que no haya respuesta puntal a sus demandas.<\/p>\n","protected":false},"excerpt":{"rendered":"<p>Ismael Garc\u00eda M.\/Zona Roja. Oaxaca de Ju\u00e1rez, Oax.,a 28 de febrero de 2024.- A\u00fan cuando&hellip;<\/p>\n","protected":false},"author":2,"featured_media":77971,"comment_status":"closed","ping_status":"open","sticky":false,"template":"","format":"standard","meta":{"_lmt_disableupdate":"","_lmt_disable":"","_jetpack_memberships_contains_paid_content":false,"footnotes":""},"categories":[109,47],"tags":[312],"class_list":["post-77962","post","type-post","status-publish","format-standard","has-post-thumbnail","hentry","category-minuto-a-minuto","category-zona-gris","tag-seccion-22-del-snte"],"jetpack_featured_media_url":"https:\/\/zonaroja.com.mx\/wp-content\/uploads\/2025\/02\/52889a87-dfb4-4e67-b555-a83fab119868-1.jpg","jetpack_sharing_enabled":true,"_links":{"self":[{"href":"https:\/\/zonaroja.com.mx\/index.php?rest_route=\/wp\/v2\/posts\/77962","targetHints":{"allow":["GET"]}}],"collection":[{"href":"https:\/\/zonaroja.com.mx\/index.php?rest_route=\/wp\/v2\/posts"}],"about":[{"href":"https:\/\/zonaroja.com.mx\/index.php?rest_route=\/wp\/v2\/types\/post"}],"author":[{"embeddable":true,"href":"https:\/\/zonaroja.com.mx\/index.php?rest_route=\/wp\/v2\/users\/2"}],"replies":[{"embeddable":true,"href":"https:\/\/zonaroja.com.mx\/index.php?rest_route=%2Fwp%2Fv2%2Fcomments&post=77962"}],"version-history":[{"count":2,"href":"https:\/\/zonaroja.com.mx\/index.php?rest_route=\/wp\/v2\/posts\/77962\/revisions"}],"predecessor-version":[{"id":77970,"href":"https:\/\/zonaroja.com.mx\/index.php?rest_route=\/wp\/v2\/posts\/77962\/revisions\/77970"}],"wp:featuredmedia":[{"embeddable":true,"href":"https:\/\/zonaroja.com.mx\/index.php?rest_route=\/wp\/v2\/media\/77971"}],"wp:attachment":[{"href":"https:\/\/zonaroja.com.mx\/index.php?rest_route=%2Fwp%2Fv2%2Fmedia&parent=77962"}],"wp:term":[{"taxonomy":"category","embeddable":true,"href":"https:\/\/zonaroja.com.mx\/index.php?rest_route=%2Fwp%2Fv2%2Fcategories&post=77962"},{"taxonomy":"post_tag","embeddable":true,"href":"https:\/\/zonaroja.com.mx\/index.php?rest_route=%2Fwp%2Fv2%2Ftags&post=77962"}],"curies":[{"name":"wp","href":"https:\/\/api.w.org\/{rel}","templated":true}]}}