{"id":77967,"date":"2025-02-28T12:46:00","date_gmt":"2025-02-28T18:46:00","guid":{"rendered":"https:\/\/zonaroja.com.mx\/?p=77967"},"modified":"2025-02-28T08:57:16","modified_gmt":"2025-02-28T14:57:16","slug":"detienen-a-individuo-que-vendia-plazas-laborales-en-sector-educativo","status":"publish","type":"post","link":"https:\/\/zonaroja.com.mx\/?p=77967","title":{"rendered":"Detienen a individuo que vend\u00eda plazas laborales en sector educativo"},"content":{"rendered":"\n<p>Redacci\u00f3n\/Zona Roja.&nbsp;<\/p>\n\n\n\n<p>Oaxaca de Ju\u00e1rez, Oax., a 28 de febrero de 2025.- La Fiscal\u00eda General de Estado de Oaxaca (FGEO) ejecut\u00f3 una orden de aprehensi\u00f3n en contra de una persona del sexo masculino identificada como C.J.V.C., por el delito de Tr\u00e1fico de Plaza, en hechos cometidos en la regi\u00f3n de los Valles Centrales.<\/p>\n\n\n\n<p>De acuerdo con el expediente penal del caso, el 10 de julio de 2021, una persona ofreci\u00f3 a la v\u00edctima -identificada como E.A.R.- la posibilidad de obtener una plaza laboral a cambio del pago de 200 mil pesos.<\/p>\n\n\n\n<p>La investigaci\u00f3n revela que, el 22 de julio de 2021, la v\u00edctima acudi\u00f3 a un domicilio ubicado en la colonia Reforma del municipio Oaxaca de Ju\u00e1rez, en donde realiz\u00f3 la entrega de un primer pago en efectivo como anticipo de la supuesta plaza, as\u00ed como la documentaci\u00f3n que le hab\u00edan solicitado para iniciar los tr\u00e1mites, asimismo, el 24 de septiembre de 2021, realiz\u00f3 un segundo pago y posteriormente un tercer pago.<\/p>\n\n\n\n<p>Una vez que la v\u00edctima entreg\u00f3 la cantidad de 197 mil pesos, la persona que recibi\u00f3 el dinero le asegur\u00f3 que el tr\u00e1mite de su plaza se hab\u00eda iniciado de forma segura y que iba avanzando.<\/p>\n\n\n\n<p>Sin embargo, pese a realizar el pago correspondiente, la supuesta plaza laboral de maestra no le fue asignada, por lo que la v\u00edctima solicit\u00f3 el reembolso de su dinero.<\/p>\n\n\n\n<p>Ante la negativa de devolver el dinero, la v\u00edctima acudi\u00f3 a la Fiscal\u00eda de Oaxaca para denunciar los hechos, por lo que se iniciaron las investigaciones correspondientes a trav\u00e9s de la Vicefiscal\u00eda Regional de Valles Centrales, las cuales permitieron que elementos de la Agencia Estatal de Investigaci\u00f3n (AEI) aprehendieran a C.J.V.C., quien qued\u00f3 a disposici\u00f3n de la autoridad que lo requiri\u00f3.<\/p>\n\n\n\n<p>Luego de presentar los datos de prueba aportados por la FGEO, el Juez calific\u00f3 como legal la detenci\u00f3n y comunic\u00f3 la imputaci\u00f3n a C.J.V.C., por el delito de tr\u00e1fico de plazas, derivado de lo cual dict\u00f3 la medida de prisi\u00f3n preventiva justificada en tanto se resuelve su situaci\u00f3n jur\u00eddica.<\/p>\n\n\n\n<p>La venta de plazas laborales en el servicio p\u00fablico constituye un delito, por lo que evitar este tipo de pr\u00e1cticas ayuda a prevenir la comisi\u00f3n de esta clase de conductas criminales.<\/p>\n\n\n\n<p>FALLO CONDENATORIO<\/p>\n\n\n\n<p>En otro caso, la Fiscal\u00eda General obtuvo fallo condenatorio contra una persona del sexo masculino identificada como Cristian N.S.S., responsable por el delito de Violaci\u00f3n Equiparada Agravada cometida en la casa hogar denominada \u00abPimpollo\u00bb, ubicada en la regi\u00f3n del Istmo de Tehuantepec.<\/p>\n\n\n\n<p>Conforme al expediente penal, los hechos ocurrieron el ocho de octubre de 2022, cuando la v\u00edctima (una mujer cuya identidad est\u00e1 reservada por ley) se encontraba en la citada casa hogar ubicada en la colonia La Arboleda, perteneciente a Juchit\u00e1n de Zaragoza, lugar donde ingres\u00f3 Cristian N.S.S. y la atac\u00f3.<\/p>\n\n\n\n<p>Ante estos hechos, la Instituci\u00f3n de procuraci\u00f3n de justicia inici\u00f3 una exhaustiva investigaci\u00f3n a trav\u00e9s de la Vicefiscal\u00eda Regional del Istmo, logrando aprehender y presentar a Cristian N.S.S. ante el Juez de la causa.<\/p>\n\n\n\n<p>Una vez valoradas las pruebas aportadas por el Ministerio P\u00fablico, el Tribunal de Enjuiciamiento dict\u00f3 fallo condenatorio contra el imputado Cristian N.S.S., por el delito de Violaci\u00f3n Equiparada Agravada, dando un plazo para la lectura de la pena y el pago por la reparaci\u00f3n del da\u00f1o.<\/p>\n\n\n\n<p>VENDEDORES DE DROGA<\/p>\n\n\n\n<p>Por otra parte, la instituci\u00f3n procuradora de justicia obtuvo auto de vinculaci\u00f3n a proceso en contra de dos personas del sexo masculino identificadas como J.E.D.C. y R.M.A., por el delito contra la salud en su modalidad de narcomenudeo en la hip\u00f3tesis de suministro de cannabis, en hechos ocurridos en la regi\u00f3n de los Valles Centrales.<\/p>\n\n\n\n<p>De acuerdo con el expediente penal del caso, J.E.D.C. y R.M.A. fueron detenidos por la polic\u00eda municipal el 18 de febrero de 2025, sobre la avenida L\u00e1zaro C\u00e1rdenas, en inmediaciones del Centro de Bachillerato Tecnol\u00f3gico Industrial y de Servicios (CBTIS) 123, ubicado en Santa Luc\u00eda del Camino.<\/p>\n\n\n\n<p>Al efectuarles la revisi\u00f3n de rutina, les decomisaron gomitas enchiladas que, luego de realizar los estudios periciales, se determin\u00f3 que conten\u00edan metabolitos en cannabinoides (derivado de la marihuana), las cuales vend\u00edan en bolsas de pl\u00e1stico con la leyenda \u201cgominolas gomitas enchiladas\u201d.&nbsp;<\/p>\n\n\n\n<p>Ante este hecho, la Fiscal\u00eda de Oaxaca tom\u00f3 conocimiento del caso y a trav\u00e9s de la Vicefiscal\u00eda Regional de Valles Centrales se realizaron los trabajos ministeriales que permitieron llevar a control de detenci\u00f3n a J.E.D.C. y R.M.A.<\/p>\n\n\n\n<p>Tras el desahogo de pruebas ministeriales aportadas por la FGEO, el Juez que atiende la causa dict\u00f3 auto de vinculaci\u00f3n a proceso en contra de J.E.D.C. y R.M.A., a quienes impuso la medida cautelar de prisi\u00f3n preventiva justificada por el delito de Contra la Salud en su modalidad de Narcomenudeo con la finalidad de suministro o comercio de tetrahidrocannabinol, en t\u00e9rminos del art\u00edculo 476 de la Ley General de Salud, adem\u00e1s de otorgar un mes para el cierre de la investigaci\u00f3n complementaria.<\/p>\n","protected":false},"excerpt":{"rendered":"<p>Redacci\u00f3n\/Zona Roja.&nbsp; Oaxaca de Ju\u00e1rez, Oax., a 28 de febrero de 2025.- La Fiscal\u00eda General&hellip;<\/p>\n","protected":false},"author":2,"featured_media":77968,"comment_status":"closed","ping_status":"open","sticky":false,"template":"","format":"standard","meta":{"_lmt_disableupdate":"","_lmt_disable":"","_jetpack_memberships_contains_paid_content":false,"footnotes":""},"categories":[109,46],"tags":[494],"class_list":["post-77967","post","type-post","status-publish","format-standard","has-post-thumbnail","hentry","category-minuto-a-minuto","category-zona-blanca","tag-fiscalia-general-del-estado-de-oaxaca"],"jetpack_featured_media_url":"https:\/\/zonaroja.com.mx\/wp-content\/uploads\/2025\/02\/DEtenido-por-venta-de-plazas.jpg","jetpack_sharing_enabled":true,"_links":{"self":[{"href":"https:\/\/zonaroja.com.mx\/index.php?rest_route=\/wp\/v2\/posts\/77967","targetHints":{"allow":["GET"]}}],"collection":[{"href":"https:\/\/zonaroja.com.mx\/index.php?rest_route=\/wp\/v2\/posts"}],"about":[{"href":"https:\/\/zonaroja.com.mx\/index.php?rest_route=\/wp\/v2\/types\/post"}],"author":[{"embeddable":true,"href":"https:\/\/zonaroja.com.mx\/index.php?rest_route=\/wp\/v2\/users\/2"}],"replies":[{"embeddable":true,"href":"https:\/\/zonaroja.com.mx\/index.php?rest_route=%2Fwp%2Fv2%2Fcomments&post=77967"}],"version-history":[{"count":1,"href":"https:\/\/zonaroja.com.mx\/index.php?rest_route=\/wp\/v2\/posts\/77967\/revisions"}],"predecessor-version":[{"id":77969,"href":"https:\/\/zonaroja.com.mx\/index.php?rest_route=\/wp\/v2\/posts\/77967\/revisions\/77969"}],"wp:featuredmedia":[{"embeddable":true,"href":"https:\/\/zonaroja.com.mx\/index.php?rest_route=\/wp\/v2\/media\/77968"}],"wp:attachment":[{"href":"https:\/\/zonaroja.com.mx\/index.php?rest_route=%2Fwp%2Fv2%2Fmedia&parent=77967"}],"wp:term":[{"taxonomy":"category","embeddable":true,"href":"https:\/\/zonaroja.com.mx\/index.php?rest_route=%2Fwp%2Fv2%2Fcategories&post=77967"},{"taxonomy":"post_tag","embeddable":true,"href":"https:\/\/zonaroja.com.mx\/index.php?rest_route=%2Fwp%2Fv2%2Ftags&post=77967"}],"curies":[{"name":"wp","href":"https:\/\/api.w.org\/{rel}","templated":true}]}}