{"id":77975,"date":"2025-02-28T17:17:40","date_gmt":"2025-02-28T23:17:40","guid":{"rendered":"https:\/\/zonaroja.com.mx\/?p=77975"},"modified":"2025-02-28T17:17:40","modified_gmt":"2025-02-28T23:17:40","slug":"tres-dias-despues-concluye-paro-de-labores-de-policias-de-oaxaca","status":"publish","type":"post","link":"https:\/\/zonaroja.com.mx\/?p=77975","title":{"rendered":"Tres d\u00edas despu\u00e9s, concluye paro de labores de polic\u00edas de Oaxaca&nbsp;"},"content":{"rendered":"\n<p>Redacci\u00f3n\/Zona Roja.&nbsp;<\/p>\n\n\n\n<p class=\"MsoNormal\">Oaxaca de Ju\u00e1rez, Oax. 28 de febrero de 2025.-&nbsp;Anteponiendo la seguridad de las oaxaque\u00f1as y oaxaque\u00f1os, el Gobierno del Estado y elementos de la Polic\u00eda Estatal alcanzaron acuerdos para la atenci\u00f3n puntual de los planteamientos solicitados en las mesas de trabajo, realizadas en las \u00faltimas 48 horas.&nbsp;<\/p>\n\n\n\n<p class=\"MsoNormal\">La titular del Secretariado Ejecutivo del Sistema Estatal de Seguridad P\u00fablica (SESESP), Karina Bar\u00f3n Ortiz inform\u00f3 que, tras escuchar las propuestas de las y los polic\u00edas sobre las personas que pueden ocupar los cargos de Comisionado y Jefe de Estado Mayor de la corporaci\u00f3n; la administraci\u00f3n har\u00e1 oficial estos nombramientos,&nbsp;el s\u00e1bado 1 de marzo.&nbsp;<\/p>\n\n\n\n<p class=\"MsoNormal\">Detall\u00f3 que, en un clima de respeto y apertura, se firm\u00f3 una minuta que contiene 20 acuerdos, en los cuales se fija la ruta de atenci\u00f3n a las solicitudes de car\u00e1cter laboral presentadas por las mujeres y hombres que integran la Polic\u00eda Estatal.&nbsp;<\/p>\n\n\n\n<p class=\"MsoNormal\">Ante esta situaci\u00f3n, las y los elementos que realizaban una protesta en el interior del cuartel ubicado en Santa Mar\u00eda Coyotepec, retomaron inmediatamente sus actividades asignadas en&nbsp;las ocho&nbsp;regiones del estado.<\/p>\n\n\n\n<p class=\"MsoNormal\">\u201cEllas y ellos est\u00e1n conscientes de garantizar la paz y la seguridad de las familias de Oaxaca, adem\u00e1s, reconocen el trabajo de nuestro gobernador\u201d, dijo la funcionaria.&nbsp;<\/p>\n\n\n\n<p class=\"MsoNormal\">Bar\u00f3n Ortiz explic\u00f3 que,&nbsp;este viernes, tras el pase de lista en el cuartel; se definieron las comisiones que, en representaci\u00f3n de las y los polic\u00edas, habr\u00e1n de dar seguimiento a los avances de los acuerdos.&nbsp;<\/p>\n\n\n\n<p class=\"MsoNormal\">Detall\u00f3 que cada 15 d\u00edas se celebrar\u00e1n reuniones informativas para que todas y todos los que integran la Polic\u00eda Estatal se enteren de las respuestas.&nbsp;<\/p>\n\n\n\n<p class=\"MsoNormal\">\u201cEs una agenda de trabajo la que construimos, y nuestro gobierno tiene palabra y va a cumplir esa agenda\u201d, coment\u00f3.&nbsp;<\/p>\n\n\n\n<p class=\"MsoNormal\">La funcionaria adelant\u00f3 que&nbsp;el pr\u00f3ximo martes&nbsp;el Congreso del Estado recibir\u00e1 a una comisi\u00f3n de polic\u00edas, para hacer formal el inicio de los trabajos de reforma a la Ley de Pensiones, que es una de sus principales demandas.<\/p>\n","protected":false},"excerpt":{"rendered":"<p>Redacci\u00f3n\/Zona Roja.&nbsp; Oaxaca de Ju\u00e1rez, Oax. 28 de febrero de 2025.-&nbsp;Anteponiendo la seguridad de las&hellip;<\/p>\n","protected":false},"author":2,"featured_media":77974,"comment_status":"closed","ping_status":"open","sticky":false,"template":"","format":"standard","meta":{"_lmt_disableupdate":"","_lmt_disable":"","_jetpack_memberships_contains_paid_content":false,"footnotes":""},"categories":[109,46],"tags":[],"class_list":["post-77975","post","type-post","status-publish","format-standard","has-post-thumbnail","hentry","category-minuto-a-minuto","category-zona-blanca"],"jetpack_featured_media_url":"https:\/\/zonaroja.com.mx\/wp-content\/uploads\/2025\/02\/alcanzan-acuerdos-gobierno-de-oaxaca-y-policias-estatales-2-1.jpg","jetpack_sharing_enabled":true,"_links":{"self":[{"href":"https:\/\/zonaroja.com.mx\/index.php?rest_route=\/wp\/v2\/posts\/77975","targetHints":{"allow":["GET"]}}],"collection":[{"href":"https:\/\/zonaroja.com.mx\/index.php?rest_route=\/wp\/v2\/posts"}],"about":[{"href":"https:\/\/zonaroja.com.mx\/index.php?rest_route=\/wp\/v2\/types\/post"}],"author":[{"embeddable":true,"href":"https:\/\/zonaroja.com.mx\/index.php?rest_route=\/wp\/v2\/users\/2"}],"replies":[{"embeddable":true,"href":"https:\/\/zonaroja.com.mx\/index.php?rest_route=%2Fwp%2Fv2%2Fcomments&post=77975"}],"version-history":[{"count":1,"href":"https:\/\/zonaroja.com.mx\/index.php?rest_route=\/wp\/v2\/posts\/77975\/revisions"}],"predecessor-version":[{"id":77976,"href":"https:\/\/zonaroja.com.mx\/index.php?rest_route=\/wp\/v2\/posts\/77975\/revisions\/77976"}],"wp:featuredmedia":[{"embeddable":true,"href":"https:\/\/zonaroja.com.mx\/index.php?rest_route=\/wp\/v2\/media\/77974"}],"wp:attachment":[{"href":"https:\/\/zonaroja.com.mx\/index.php?rest_route=%2Fwp%2Fv2%2Fmedia&parent=77975"}],"wp:term":[{"taxonomy":"category","embeddable":true,"href":"https:\/\/zonaroja.com.mx\/index.php?rest_route=%2Fwp%2Fv2%2Fcategories&post=77975"},{"taxonomy":"post_tag","embeddable":true,"href":"https:\/\/zonaroja.com.mx\/index.php?rest_route=%2Fwp%2Fv2%2Ftags&post=77975"}],"curies":[{"name":"wp","href":"https:\/\/api.w.org\/{rel}","templated":true}]}}