{"id":77984,"date":"2025-02-28T22:07:40","date_gmt":"2025-03-01T04:07:40","guid":{"rendered":"https:\/\/zonaroja.com.mx\/?p=77984"},"modified":"2025-02-28T22:07:42","modified_gmt":"2025-03-01T04:07:42","slug":"benefician-en-xoxocotlan-con-lentes-gratuitos-a-mas-de-500-personas","status":"publish","type":"post","link":"https:\/\/zonaroja.com.mx\/?p=77984","title":{"rendered":"Benefician en Xoxocotl\u00e1n con lentes gratuitos a m\u00e1s de 500 personas"},"content":{"rendered":"\n<p>Redacci\u00f3n\/Zona Roja.<\/p>\n\n\n\n<p>Oaxaca de Ju\u00e1rez, Oax., 28 de febrero de 2025.- En un esfuerzo por mejorar la calidad de vida de las y los habitantes de Santa Cruz Xoxocotl\u00e1n, la presidenta municipal, Nancy Ben\u00edtez Z\u00e1rate, encabez\u00f3 el evento del Programa Lentes para Vista Cansada, en colaboraci\u00f3n con el Sistema DIF Estatal y Municipal.&nbsp;<\/p>\n\n\n\n<p>Este programa est\u00e1 dise\u00f1ado para beneficiar a personas mayores de 40 a\u00f1os que requieren apoyo visual para sus actividades diarias.<\/p>\n\n\n\n<p>Durante su discurso, la presidenta municipal destac\u00f3 la importancia de este programa y agradeci\u00f3 el respaldo del DIF Estatal, encabezado por su presidenta honoraria, Irma Bola\u00f1os Quijano, \u201csabemos que una buena visi\u00f3n es clave para nuestras actividades diarias, ya sea leer, trabajar o simplemente disfrutar de los momentos con nuestra familia. Desde esta administraci\u00f3n seguimos comprometidos en impulsar acciones que realmente marquen la diferencia en la vida de nuestra gente\u201d, se\u00f1al\u00f3 la edil.<\/p>\n\n\n\n<p>En esta jornada se beneficiaron m\u00e1s de 500 personas con la entrega de lentes, adem\u00e1s de la distribuci\u00f3n de apoyos del programa \u2018Abrigando Corazones\u2019, dirigido a personas en situaci\u00f3n de vulnerabilidad.<\/p>\n\n\n\n<p>En el evento estuvieron presentes Patricia Yarazet Cruz Ben\u00edtez, presidenta honoraria del DIF Municipal; Concepci\u00f3n Hern\u00e1ndez Castillo, delegada regional de Valles Centrales del DIF Estatal; as\u00ed como regidoras y regidores del Ayuntamiento de Xoxocotl\u00e1n, quienes reiteraron su compromiso con el bienestar del municipio.<\/p>\n\n\n\n<p>Por su parte, la delegada regional del DIF Estatal, Concepci\u00f3n Hern\u00e1ndez Castillo, resalt\u00f3 que este programa forma parte de una serie de acciones impulsadas por el DIF Oaxaca para garantizar el bienestar de la poblaci\u00f3n, \u201cadem\u00e1s de la entrega de lentes para vista cansada, contamos con programas de movilidad, dotaci\u00f3n de aparatos funcionales como sillas de ruedas, andaderas y bastones, as\u00ed como jornadas de aparatos auditivos, pr\u00f3tesis dentales y oculares\u201d, inform\u00f3.<\/p>\n\n\n\n<p>El evento concluy\u00f3 con la entrega simb\u00f3lica de los apoyos y un mensaje de agradecimiento por parte de la presidenta municipal, quien reafirm\u00f3 el compromiso de su administraci\u00f3n de continuar gestionando programas en favor del bienestar de las y los xoxe\u00f1os.<\/p>\n\n\n\n<p>Favor de sustituir la nota anterior por la de este correo, con la fecha correcta de este d\u00eda.&nbsp;<\/p>\n\n\n\n<p>Buen d\u00eda apreciables representantes de los medios de comunicaci\u00f3n. Por este medio les enviamos la siguiente informaci\u00f3n. Gracias por la difusi\u00f3n.<\/p>\n\n\n\n<p>CABILDO INFANTIL<\/p>\n\n\n\n<p>Para promover los valores c\u00edvicos y el conocimiento de la administraci\u00f3n p\u00fablica en todos los sectores de la poblaci\u00f3n, el Gobierno Municipal de Santa Cruz Xoxocotl\u00e1n aprob\u00f3 en Sesi\u00f3n de Cabildo el proyecto de implementaci\u00f3n del Cabildo Infantil de dicho ayuntamiento.<\/p>\n\n\n\n<p>La finalidad es que las ni\u00f1as y ni\u00f1os tengan la oportunidad de dialogar sobre las necesidades de su comunidad y los temas que consideren de inter\u00e9s en su entorno, promoviendo su inclusi\u00f3n y fomentando el ejercicio del ejercicio democr\u00e1tico desde temprana edad.&nbsp;<\/p>\n\n\n\n<p>Al respecto, el Cabildo municipal coincidi\u00f3 en que es un tema importante fomentar la democracia y el liderazgo en las ni\u00f1as y los ni\u00f1os. Ahora, se trabajar\u00e1 en definir la convocatoria y lineamientos para su implementaci\u00f3n.&nbsp;<\/p>\n\n\n\n<p>Definido el proyecto, ser\u00e1 el Sistema DIF Municipal el \u00f3rgano encargado de llevar a cabo la convocatoria y el acompa\u00f1amiento del Cabildo Infantil.&nbsp;<\/p>\n\n\n\n<p>En otro orden de ideas, integrantes del Cabildo Municipal tambi\u00e9n aprobaron el seguimiento a la convocatoria de elecci\u00f3n de autoridades auxiliares, agentes municipales, de polic\u00eda, representantes de barrios, colonias y fraccionamientos en los que no se ha realizado este proceso.&nbsp;<\/p>\n\n\n\n<p>Lo anterior, con el objetivo de fomentar la participaci\u00f3n y el desarrollo de todas las comunidades en la vida municipal.&nbsp;<\/p>\n\n\n\n<p>Tras la aprobaci\u00f3n de este punto, la edil de Xoxocotl\u00e1n reiter\u00f3 que desde su gobierno se mantiene el respeto a la autonom\u00eda de cada proceso de elecci\u00f3n, y se promueve su realizaci\u00f3n en paz y civilidad.<\/p>\n","protected":false},"excerpt":{"rendered":"<p>Redacci\u00f3n\/Zona Roja. Oaxaca de Ju\u00e1rez, Oax., 28 de febrero de 2025.- En un esfuerzo por&hellip;<\/p>\n","protected":false},"author":2,"featured_media":77985,"comment_status":"closed","ping_status":"open","sticky":false,"template":"","format":"standard","meta":{"_lmt_disableupdate":"","_lmt_disable":"","_jetpack_memberships_contains_paid_content":false,"footnotes":""},"categories":[109,46],"tags":[133],"class_list":["post-77984","post","type-post","status-publish","format-standard","has-post-thumbnail","hentry","category-minuto-a-minuto","category-zona-blanca","tag-santa-cruz-xoxocotlan"],"jetpack_featured_media_url":"https:\/\/zonaroja.com.mx\/wp-content\/uploads\/2025\/02\/Entrega-de-lentes-para-vista-cansada-2.jpeg","jetpack_sharing_enabled":true,"_links":{"self":[{"href":"https:\/\/zonaroja.com.mx\/index.php?rest_route=\/wp\/v2\/posts\/77984","targetHints":{"allow":["GET"]}}],"collection":[{"href":"https:\/\/zonaroja.com.mx\/index.php?rest_route=\/wp\/v2\/posts"}],"about":[{"href":"https:\/\/zonaroja.com.mx\/index.php?rest_route=\/wp\/v2\/types\/post"}],"author":[{"embeddable":true,"href":"https:\/\/zonaroja.com.mx\/index.php?rest_route=\/wp\/v2\/users\/2"}],"replies":[{"embeddable":true,"href":"https:\/\/zonaroja.com.mx\/index.php?rest_route=%2Fwp%2Fv2%2Fcomments&post=77984"}],"version-history":[{"count":1,"href":"https:\/\/zonaroja.com.mx\/index.php?rest_route=\/wp\/v2\/posts\/77984\/revisions"}],"predecessor-version":[{"id":77986,"href":"https:\/\/zonaroja.com.mx\/index.php?rest_route=\/wp\/v2\/posts\/77984\/revisions\/77986"}],"wp:featuredmedia":[{"embeddable":true,"href":"https:\/\/zonaroja.com.mx\/index.php?rest_route=\/wp\/v2\/media\/77985"}],"wp:attachment":[{"href":"https:\/\/zonaroja.com.mx\/index.php?rest_route=%2Fwp%2Fv2%2Fmedia&parent=77984"}],"wp:term":[{"taxonomy":"category","embeddable":true,"href":"https:\/\/zonaroja.com.mx\/index.php?rest_route=%2Fwp%2Fv2%2Fcategories&post=77984"},{"taxonomy":"post_tag","embeddable":true,"href":"https:\/\/zonaroja.com.mx\/index.php?rest_route=%2Fwp%2Fv2%2Ftags&post=77984"}],"curies":[{"name":"wp","href":"https:\/\/api.w.org\/{rel}","templated":true}]}}