{"id":77987,"date":"2025-03-01T07:45:00","date_gmt":"2025-03-01T13:45:00","guid":{"rendered":"https:\/\/zonaroja.com.mx\/?p=77987"},"modified":"2025-03-01T06:07:13","modified_gmt":"2025-03-01T12:07:13","slug":"confusiones-y-contradicciones-entrega-de-capos-de-mexico-a-eu","status":"publish","type":"post","link":"https:\/\/zonaroja.com.mx\/?p=77987","title":{"rendered":"Confusiones y contradicciones, entrega de capos de M\u00e9xico a EU"},"content":{"rendered":"\n<p>Redacci\u00f3n\/Zona Roja Cdmx.<\/p>\n\n\n\n<p>Ciudad de M\u00e9xico, a 1 de marzo de 2025.- Cinco d\u00edas antes de la entrada en vigor de aranceles del 25 por ciento a los productos mexicanos que entren a Estados Unidos, el gabinete de seguridad del Gobierno de M\u00e9xico decidi\u00f3 entregar a 29 narcotraficantes solicitados en extradici\u00f3n por Estados Unidos. \u00bfCoincidencia, buena voluntad, debilidad o una ofrenda de M\u00e9xico? El propio gabinete de seguridad a\u00fan no se pone de acuerdo respecto a la raz\u00f3n de la entrega.<\/p>\n\n\n\n<p>El procurador General de la Rep\u00fablica, Alejandro Gertz Manero, dijo en conferencia de prensa que: \u201cHubo una solicitud fundada del Gobierno de Estados Unidos, ese fue el motivo real por el cual se deton\u00f3 todo el procedimiento (&#8230;) No hab\u00edan pasado horas entre que lleg\u00f3 (la solicitud), se convoc\u00f3 al Consejo Nacional de Seguridad, se hizo el an\u00e1lisis, se vieron las bases jur\u00eddicas y se procedi\u00f3: fue un asunto inmediato\u201d.<\/p>\n\n\n\n<p>Omar Garc\u00eda Harfuch, titular de la Secretar\u00eda de Seguridad y Participaci\u00f3n Ciudadana (SSPC), afirm\u00f3 que \u201cel gabinete de seguridad cuenta con informaci\u00f3n que exist\u00eda un riesgo de que algunos de estos objetivos solicitados por el Gobierno de Estados Unidos fueran liberados o siguieran atras\u00e1ndose sus procesos de extradici\u00f3n, derivado de acuerdos con algunos jueces que buscaban favorecerlos como ya se hab\u00eda hecho en otras ocasiones y durante muchos a\u00f1os\u201d.<\/p>\n\n\n\n<p>Es necesario mencionar que el Consejo de la Judicatura Federal (CJF) rechaz\u00f3 las declaraciones de Harfuch y lo conmin\u00f3 a presentar las pruebas y sus respectivas denuncias. \u00bfHubo solicitud, alerta de posibles liberaciones o ambas?<\/p>\n\n\n\n<p>\u201cM\u00e9xico no se ha negado en las \u00faltimas d\u00e9cadas a mandar narcotraficantes a Estados Unidos, prefiere que los tengan all\u00e1 a que est\u00e9n en las c\u00e1rceles locales porque son una bomba de tiempo\u201d, indic\u00f3 el periodista experto en temas de narcotr\u00e1fico, Jos\u00e9 Reveles.<\/p>\n\n\n\n<p>Aunque dicen que en la pol\u00edtica no hay coincidencias, el periodista Jos\u00e9 Reveles asegur\u00f3 que no ve una relaci\u00f3n entre los temas arancelario, Mayo Zambada y la entrega de 29 narcotraficantes.<\/p>\n\n\n\n<p>\u201cEs una se\u00f1al de buena voluntad que el Gobierno de M\u00e9xico tuvo momentos antes de hablar con el Secretario de Estado estadounidense, como diciendo, ah\u00ed est\u00e1n todos los que me has pedido; M\u00e9xico le est\u00e1 dando una buena se\u00f1al a Estados Unidos dici\u00e9ndole: \u2018sin que me est\u00e9s presionando te mando a los que me pediste en extradici\u00f3n\u2019 y a cambio est\u00e1 exigiendo un trato, cuando menos, igualitario\u201d, afirm\u00f3 el periodista.<\/p>\n\n\n\n<p>\u201cEl haber mandado a toda esta gente no tiene por qu\u00e9 tener ning\u00fan \u00e1ngulo, ninguna arista negativa, porque toda esta gente ya estaba en la c\u00e1rcel desde antes&#8230;<\/p>\n\n\n\n<p>Tampoco le veo relaci\u00f3n con el caso del Mayo Zambada y su carta para que le dieran \u2018asistencia consular\u2019, porque tiene raz\u00f3n al decir que no fue extraditado sino llevado contra su voluntad, es un secuestrado internacional y eso es totalmente ilegal porque siente un precedente de que Estados Unidos podr\u00eda secuestrar a quien sea y luego juzgarlo all\u00e1 y hasta condenarlo a muerte\u201c.<\/p>\n\n\n\n<p>Las declaraciones de Jos\u00e9 Reveles tienen como contexto la respuesta de la presidenta Claudia Sheinbaum, quien afirm\u00f3 que \u201cla discusi\u00f3n aqu\u00ed no es si alguien est\u00e1 defendiendo una persona o no, porque no es el caso, lo que estamos planteando es que todo tiene que ser en el marco de la ley\u00bb y que ser\u00e1 la Fiscal\u00eda General de la Rep\u00fablica (FGR) la que decida si procede o no la asistencia para repatriar al Mayo Zambada.<\/p>\n\n\n\n<p>Respecto a la entrega de los 29 narcos, Garc\u00eda Harfuch afirm\u00f3 que la presidenta Claudia Sheinbaum \u201cno tuvo nada que ver\u201d y que se trat\u00f3 de una decisi\u00f3n del gabinete de seguridad; el doctor Edgardo Buscaglia asegura que se trat\u00f3 de una \u201cofrenda que sali\u00f3 de la debilidad de M\u00e9xico para enfrentar a Donald Trump\u201d; y Jos\u00e9 Reveles sostiene que es una se\u00f1al para exigir un trato de socios y respeto a la soberan\u00eda nacional.<\/p>\n\n\n\n<p>(Informaci\u00f3n de Infobae M\u00e9xico)<\/p>\n","protected":false},"excerpt":{"rendered":"<p>Redacci\u00f3n\/Zona Roja Cdmx. Ciudad de M\u00e9xico, a 1 de marzo de 2025.- Cinco d\u00edas antes&hellip;<\/p>\n","protected":false},"author":2,"featured_media":77988,"comment_status":"closed","ping_status":"open","sticky":false,"template":"","format":"standard","meta":{"_lmt_disableupdate":"","_lmt_disable":"","_jetpack_memberships_contains_paid_content":false,"footnotes":""},"categories":[109,47],"tags":[],"class_list":["post-77987","post","type-post","status-publish","format-standard","has-post-thumbnail","hentry","category-minuto-a-minuto","category-zona-gris"],"jetpack_featured_media_url":"https:\/\/zonaroja.com.mx\/wp-content\/uploads\/2025\/03\/Capos-de-Mexico-entregados-a-Estados-Unidos.jpg","jetpack_sharing_enabled":true,"_links":{"self":[{"href":"https:\/\/zonaroja.com.mx\/index.php?rest_route=\/wp\/v2\/posts\/77987","targetHints":{"allow":["GET"]}}],"collection":[{"href":"https:\/\/zonaroja.com.mx\/index.php?rest_route=\/wp\/v2\/posts"}],"about":[{"href":"https:\/\/zonaroja.com.mx\/index.php?rest_route=\/wp\/v2\/types\/post"}],"author":[{"embeddable":true,"href":"https:\/\/zonaroja.com.mx\/index.php?rest_route=\/wp\/v2\/users\/2"}],"replies":[{"embeddable":true,"href":"https:\/\/zonaroja.com.mx\/index.php?rest_route=%2Fwp%2Fv2%2Fcomments&post=77987"}],"version-history":[{"count":1,"href":"https:\/\/zonaroja.com.mx\/index.php?rest_route=\/wp\/v2\/posts\/77987\/revisions"}],"predecessor-version":[{"id":77989,"href":"https:\/\/zonaroja.com.mx\/index.php?rest_route=\/wp\/v2\/posts\/77987\/revisions\/77989"}],"wp:featuredmedia":[{"embeddable":true,"href":"https:\/\/zonaroja.com.mx\/index.php?rest_route=\/wp\/v2\/media\/77988"}],"wp:attachment":[{"href":"https:\/\/zonaroja.com.mx\/index.php?rest_route=%2Fwp%2Fv2%2Fmedia&parent=77987"}],"wp:term":[{"taxonomy":"category","embeddable":true,"href":"https:\/\/zonaroja.com.mx\/index.php?rest_route=%2Fwp%2Fv2%2Fcategories&post=77987"},{"taxonomy":"post_tag","embeddable":true,"href":"https:\/\/zonaroja.com.mx\/index.php?rest_route=%2Fwp%2Fv2%2Ftags&post=77987"}],"curies":[{"name":"wp","href":"https:\/\/api.w.org\/{rel}","templated":true}]}}