{"id":7799,"date":"2020-01-18T14:05:13","date_gmt":"2020-01-18T20:05:13","guid":{"rendered":"https:\/\/www.zonaroja.com.mx\/?p=7799"},"modified":"2020-01-18T14:05:21","modified_gmt":"2020-01-18T20:05:21","slug":"empeoran-carencias-en-hospitales-de-oaxaca-no-tienen-ni-guantes","status":"publish","type":"post","link":"https:\/\/zonaroja.com.mx\/?p=7799","title":{"rendered":"Empeoran carencias en hospitales de Oaxaca; no tienen ni guantes"},"content":{"rendered":"\n<p><br>Yuridiana Sosa\/Zona Roja. <\/p>\n\n\n\n<p>Oaxaca de Ju\u00e1rez, Oax., 18 de enero de 2020.- Las carencias en los hospitales de los Servicios de Salud de Oaxaca (SSO) son cada vez m\u00e1s agudas, en contraste con el abasto de entre 60 y 50 por ciento de insumos que presume el secretario de Salud de la entidad, Donato Casas.<\/p>\n\n\n\n<p>Los usuarios de los servicio medicos en el Hospital Comunitario de Santa Mar\u00eda Huatulco deben llevar hasta los guantes que el m\u00e9dico va a utilizar.<br>\u201cPacientes que acudan a servicio de Odontolog\u00eda, por favor comprar un par de guantes\u201d, piden los m\u00e9dicos a los usuarios de los SSO en Huatulco, por medio de un anuncio colocado en el \u00e1rea de Odontolog\u00eda.<br><\/p>\n\n\n\n<p>El problema qued\u00f3 evidenciado por los pacientes a trav\u00e9s de fotos de los anuncios y que circularon en redes sociales.<br>Esa situaci\u00f3n prevalece en diversos centros m\u00e9dicos de los SSO, donde adem\u00e1s se carece de m\u00e9dicos, especialistas, medicinas y equipo.<br><\/p>\n\n\n\n<p>Apenas el pasado 10 de enero el titular de Salud de Oaxaca, Donato Casas, presumi\u00f3 de un abasto de medicamentos de entre 60 y 50 por ciento.<br><\/p>\n\n\n\n<p>Dio a conocer que a partir de este a\u00f1o las medicinas llegar\u00e1n por medio del gobierno federal a trav\u00e9s de una compra consolidada.<br><\/p>\n\n\n\n<p>As\u00ed como por medio de la Federaci\u00f3n tambi\u00e9n se se espera la solvencia en infraestructura y recursos humanos.<br><\/p>\n","protected":false},"excerpt":{"rendered":"<p>Yuridiana Sosa\/Zona Roja. Oaxaca de Ju\u00e1rez, Oax., 18 de enero de 2020.- Las carencias en&hellip;<\/p>\n","protected":false},"author":2,"featured_media":7798,"comment_status":"closed","ping_status":"open","sticky":false,"template":"","format":"standard","meta":{"_lmt_disableupdate":"","_lmt_disable":"","_jetpack_memberships_contains_paid_content":false,"footnotes":""},"categories":[109,47],"tags":[1005],"class_list":["post-7799","post","type-post","status-publish","format-standard","has-post-thumbnail","hentry","category-minuto-a-minuto","category-zona-gris","tag-servicios-de-salud-de-oaxaca-sso"],"jetpack_featured_media_url":"https:\/\/zonaroja.com.mx\/wp-content\/uploads\/2020\/01\/img_9826.jpg","jetpack_sharing_enabled":true,"_links":{"self":[{"href":"https:\/\/zonaroja.com.mx\/index.php?rest_route=\/wp\/v2\/posts\/7799","targetHints":{"allow":["GET"]}}],"collection":[{"href":"https:\/\/zonaroja.com.mx\/index.php?rest_route=\/wp\/v2\/posts"}],"about":[{"href":"https:\/\/zonaroja.com.mx\/index.php?rest_route=\/wp\/v2\/types\/post"}],"author":[{"embeddable":true,"href":"https:\/\/zonaroja.com.mx\/index.php?rest_route=\/wp\/v2\/users\/2"}],"replies":[{"embeddable":true,"href":"https:\/\/zonaroja.com.mx\/index.php?rest_route=%2Fwp%2Fv2%2Fcomments&post=7799"}],"version-history":[{"count":1,"href":"https:\/\/zonaroja.com.mx\/index.php?rest_route=\/wp\/v2\/posts\/7799\/revisions"}],"predecessor-version":[{"id":7800,"href":"https:\/\/zonaroja.com.mx\/index.php?rest_route=\/wp\/v2\/posts\/7799\/revisions\/7800"}],"wp:featuredmedia":[{"embeddable":true,"href":"https:\/\/zonaroja.com.mx\/index.php?rest_route=\/wp\/v2\/media\/7798"}],"wp:attachment":[{"href":"https:\/\/zonaroja.com.mx\/index.php?rest_route=%2Fwp%2Fv2%2Fmedia&parent=7799"}],"wp:term":[{"taxonomy":"category","embeddable":true,"href":"https:\/\/zonaroja.com.mx\/index.php?rest_route=%2Fwp%2Fv2%2Fcategories&post=7799"},{"taxonomy":"post_tag","embeddable":true,"href":"https:\/\/zonaroja.com.mx\/index.php?rest_route=%2Fwp%2Fv2%2Ftags&post=7799"}],"curies":[{"name":"wp","href":"https:\/\/api.w.org\/{rel}","templated":true}]}}