{"id":77990,"date":"2025-03-01T08:30:00","date_gmt":"2025-03-01T14:30:00","guid":{"rendered":"https:\/\/zonaroja.com.mx\/?p=77990"},"modified":"2025-03-01T06:24:18","modified_gmt":"2025-03-01T12:24:18","slug":"mas-golpes-contra-el-narcotrafico-fiscalia-detiene-a-banda-en-xoxocotlan","status":"publish","type":"post","link":"https:\/\/zonaroja.com.mx\/?p=77990","title":{"rendered":"M\u00e1s golpes contra el narcotr\u00e1fico; Fiscal\u00eda detiene a banda en Xoxocotl\u00e1n"},"content":{"rendered":"\n<p>Redacci\u00f3n\/Zona Roja.&nbsp;<\/p>\n\n\n\n<p>Oaxaca de Ju\u00e1rez, Oax., a 1 de marzo de 2025.- La Fiscal\u00eda General del Estado de Oaxaca (FGEO) en coordinaci\u00f3n con elementos de la Agencia Estatal de Investigaciones (AEI) y de la Guardia Nacional, llevaron a cabo un cateo para dar cumplimiento a una orden de aprehensi\u00f3n en contra de una persona del sexo masculino identificada como Y.B.J.O alias \u201cEl Negro Yair\u201d, por el delito Contra la Salud en agravio de la sociedad, en hechos cometidos en la regi\u00f3n de los Valles Centrales.<\/p>\n\n\n\n<p>De acuerdo con el resultado de las investigaciones en las que se emplean t\u00e9cnicas de inteligencia criminal, la FGEO estableci\u00f3 que Y.B.J.O alias \u201cEl Negro Yair\u201d, estar\u00eda identificado como uno de los principales distribuidores de drogas en la zona.&nbsp;<\/p>\n\n\n\n<p>En atenci\u00f3n a la orden de cateo por el caso, la FGEO, a trav\u00e9s de la Fiscal\u00eda Especializada para la Atenci\u00f3n a Delitos de Alto Impacto, encabez\u00f3 el operativo coordinado con la Guardia Nacional en un domicilio ubicado en la colonia Primera Ampliaci\u00f3n, en el municipio de Santa Cruz Xoxocotl\u00e1n, con el objeto de dar cumplimiento a la orden de aprehensi\u00f3n en contra de Y.B.J.O alias \u201cEl Negro Yair\u201d.<\/p>\n\n\n\n<p>Gracias a dichas labores, con \u00e9xito se logr\u00f3 el aseguramiento de diversas dosis de drogas, una b\u00e1scula gramera y un bastidor de motocicleta con n\u00famero de motor limado, as\u00ed como la detenci\u00f3n de cuatro personas, tres del sexo masculino, entre ellas Y.B.J.O alias \u201cEl Negro Yair\u201d. y una mujer.<\/p>\n\n\n\n<p>Tras la detenci\u00f3n, las cuatro personas detenidas fueron presentadas ante las autoridades correspondientes para resolver su situaci\u00f3n jur\u00eddica.<\/p>\n\n\n\n<figure class=\"wp-block-image size-full\"><img decoding=\"async\" width=\"635\" height=\"600\" src=\"https:\/\/zonaroja.com.mx\/wp-content\/uploads\/2025\/03\/BOLETIN-1286.-Detiene-FGEO-a-mujer-en-el-Istmo-de-Tehuantepec-por-el-delito-de-homicidio-calificado.jpeg\" alt=\"\" class=\"wp-image-77991\" srcset=\"https:\/\/zonaroja.com.mx\/wp-content\/uploads\/2025\/03\/BOLETIN-1286.-Detiene-FGEO-a-mujer-en-el-Istmo-de-Tehuantepec-por-el-delito-de-homicidio-calificado.jpeg 635w, https:\/\/zonaroja.com.mx\/wp-content\/uploads\/2025\/03\/BOLETIN-1286.-Detiene-FGEO-a-mujer-en-el-Istmo-de-Tehuantepec-por-el-delito-de-homicidio-calificado-300x283.jpeg 300w, https:\/\/zonaroja.com.mx\/wp-content\/uploads\/2025\/03\/BOLETIN-1286.-Detiene-FGEO-a-mujer-en-el-Istmo-de-Tehuantepec-por-el-delito-de-homicidio-calificado-585x553.jpeg 585w\" sizes=\"(max-width: 635px) 100vw, 635px\" \/><\/figure>\n\n\n\n<p>MUJER HOMICIDA<\/p>\n\n\n\n<p>En otro caso, la Fiscal\u00eda General ejecut\u00f3 una orden de aprehensi\u00f3n en contra de una persona del sexo femenino identificada como A.H.L.&nbsp; por el delito de homicidio calificado, hechos ocurridos en la regi\u00f3n del Istmo de Tehuantepec.<\/p>\n\n\n\n<p>De acuerdo con la carpeta de investigaci\u00f3n, los hechos ocurrieron en enero de 2024 cuando la v\u00edctima se encontraba en calles del municipio de Juchit\u00e1n de Zaragoza, cuando personas a bordo de una motocicleta lo agredieron con disparos de arma de fuego, lo cual le provoc\u00f3 lesiones que lo privaron de la vida.<\/p>\n\n\n\n<p>Derivado estos hechos la Fiscal\u00eda de Oaxaca, a trav\u00e9s la Vicefiscal\u00eda Regional del Istmo, realiz\u00f3 las investigaciones correspondientes que permitieron obtener y ejecutar una orden de aprehensi\u00f3n en contra de una mujer identificada como A.H.L., por el delito de homicidio calificado, quien qued\u00f3 a disposici\u00f3n de la autoridad ministerial correspondiente para se resuelva su situaci\u00f3n jur\u00eddica.<\/p>\n","protected":false},"excerpt":{"rendered":"<p>Redacci\u00f3n\/Zona Roja.&nbsp; Oaxaca de Ju\u00e1rez, Oax., a 1 de marzo de 2025.- La Fiscal\u00eda General&hellip;<\/p>\n","protected":false},"author":2,"featured_media":77992,"comment_status":"closed","ping_status":"open","sticky":false,"template":"","format":"standard","meta":{"_lmt_disableupdate":"","_lmt_disable":"","_jetpack_memberships_contains_paid_content":false,"footnotes":""},"categories":[109,46],"tags":[494],"class_list":["post-77990","post","type-post","status-publish","format-standard","has-post-thumbnail","hentry","category-minuto-a-minuto","category-zona-blanca","tag-fiscalia-general-del-estado-de-oaxaca"],"jetpack_featured_media_url":"https:\/\/zonaroja.com.mx\/wp-content\/uploads\/2025\/03\/Operativo-Xoxocotlan-cuatro-detenidos.jpeg","jetpack_sharing_enabled":true,"_links":{"self":[{"href":"https:\/\/zonaroja.com.mx\/index.php?rest_route=\/wp\/v2\/posts\/77990","targetHints":{"allow":["GET"]}}],"collection":[{"href":"https:\/\/zonaroja.com.mx\/index.php?rest_route=\/wp\/v2\/posts"}],"about":[{"href":"https:\/\/zonaroja.com.mx\/index.php?rest_route=\/wp\/v2\/types\/post"}],"author":[{"embeddable":true,"href":"https:\/\/zonaroja.com.mx\/index.php?rest_route=\/wp\/v2\/users\/2"}],"replies":[{"embeddable":true,"href":"https:\/\/zonaroja.com.mx\/index.php?rest_route=%2Fwp%2Fv2%2Fcomments&post=77990"}],"version-history":[{"count":1,"href":"https:\/\/zonaroja.com.mx\/index.php?rest_route=\/wp\/v2\/posts\/77990\/revisions"}],"predecessor-version":[{"id":77993,"href":"https:\/\/zonaroja.com.mx\/index.php?rest_route=\/wp\/v2\/posts\/77990\/revisions\/77993"}],"wp:featuredmedia":[{"embeddable":true,"href":"https:\/\/zonaroja.com.mx\/index.php?rest_route=\/wp\/v2\/media\/77992"}],"wp:attachment":[{"href":"https:\/\/zonaroja.com.mx\/index.php?rest_route=%2Fwp%2Fv2%2Fmedia&parent=77990"}],"wp:term":[{"taxonomy":"category","embeddable":true,"href":"https:\/\/zonaroja.com.mx\/index.php?rest_route=%2Fwp%2Fv2%2Fcategories&post=77990"},{"taxonomy":"post_tag","embeddable":true,"href":"https:\/\/zonaroja.com.mx\/index.php?rest_route=%2Fwp%2Fv2%2Ftags&post=77990"}],"curies":[{"name":"wp","href":"https:\/\/api.w.org\/{rel}","templated":true}]}}