{"id":77994,"date":"2025-03-01T09:29:00","date_gmt":"2025-03-01T15:29:00","guid":{"rendered":"https:\/\/zonaroja.com.mx\/?p=77994"},"modified":"2025-03-01T06:36:28","modified_gmt":"2025-03-01T12:36:28","slug":"trump-recomendaria-investigar-a-politicos-mexicanos-ligados-al-narco","status":"publish","type":"post","link":"https:\/\/zonaroja.com.mx\/?p=77994","title":{"rendered":"Trump: \u201cRecomendar\u00eda investigar\u201d a pol\u00edticos mexicanos ligados al narco\u00a0"},"content":{"rendered":"\n<p>Redacci\u00f3n\/Zona Roja Cdmx.<\/p>\n\n\n\n<p>Ciudad de M\u00e9xico, a 1 de marzo de 2025.- Donald Trump, presidente de Estados Unidos, dijo que s\u00ed \u00bbrecomendar\u00eda\u00bb investigar a pol\u00edticos de M\u00e9xico que est\u00e9n ligados a grupos dedicados al tr\u00e1fico de drogas y de personas.<\/p>\n\n\n\n<p>En entrevista con Ben Domenech para la revista \u201cThe Spectator\u201d, el mandatario fue cuestionado sobre si funcionarios ten\u00edan que ser llamados a rendir cuentas por todo el fentanilo que ha cruzado entre la frontera de M\u00e9xico y Estados Unidos.<\/p>\n\n\n\n<p>\u00bb\u00bfVa usted a pedir que rindan cuentas a muchos de esos pol\u00edticos corruptos que se beneficiaron del tr\u00e1fico de personas y de que llegue el fentanilo?\u00bb, cuestion\u00f3 Ben Domenech. \u00abCiertamente lo son\u00bb, contest\u00f3 Trump.<\/p>\n\n\n\n<p>\u00bb\u00bfIncluyendo a pol\u00edticos principales mexicanos?\u00bb, a\u00f1adi\u00f3 el entrevistador. \u00abCiertamente, yo recomendar\u00eda que se investigaran. Ciertamente, va a depender de Pam Bondi (fiscal de Estados Unidos), que es excelente en lo que hace\u00bb, contest\u00f3 Trump.<\/p>\n\n\n\n<p>En las \u00faltimas semanas, Trump ha asegurado que M\u00e9xico se encuentra dirigido por los c\u00e1rteles de la droga, a los cuales ya nombr\u00f3 organizaciones terroristas.<\/p>\n\n\n\n<p>AMENAZAS A JEFES MILITARES<\/p>\n\n\n\n<p>El diario estadounidense \u201cThe Wall Street Journal\u201d inform\u00f3 este viernes que en una llamada telef\u00f3nica ocurrida a finales de enero, el jefe del Pent\u00e1gono, Pete Hegseth, amenaz\u00f3 a jefes militares de M\u00e9xico con posibles medidas unilaterales en contra de los c\u00e1rteles&#8230; si ellos no hac\u00edan algo antes al respecto.<\/p>\n\n\n\n<p>\u00abHegseth dijo a los funcionarios que si M\u00e9xico no abordaba la colusi\u00f3n entre el Gobierno del pa\u00eds y los c\u00e1rteles de la droga, el Ej\u00e9rcito estadounidense estaba preparado para tomar medidas unilaterales, seg\u00fan personas informadas sobre la llamada del 31 de enero\u00bb, se\u00f1al\u00f3 el diario en una nota firmada por Jos\u00e9 de C\u00f3rdoba, Santiago P\u00e9rez y Vera Bergengruen.<\/p>\n\n\n\n<p>\u00abLos altos mandos de M\u00e9xico que estaban en esa llamada estaban sorprendidos y enojados, sintiendo que estaba sugiriendo una acci\u00f3n militar estadounidense dentro de M\u00e9xico, dijeron estas personas\u00bb, se agreg\u00f3 en el texto.<\/p>\n\n\n\n<p>El 1 de febrero, el Pent\u00e1gono confirm\u00f3 que Hegseth hab\u00eda conversado con Ricardo Revilla, titular de la Secretar\u00eda de la Defensa Nacional (Sedena) y Raymundo Morales, secretario de Marina.<\/p>\n\n\n\n<p>En el comunicado oficial no se describi\u00f3 la presunta amenaza.<\/p>\n\n\n\n<p>(Informaci\u00f3n de \u201cExpansi\u00f3n Pol\u00edtica\u201d)<\/p>\n","protected":false},"excerpt":{"rendered":"<p>Redacci\u00f3n\/Zona Roja Cdmx. Ciudad de M\u00e9xico, a 1 de marzo de 2025.- Donald Trump, presidente&hellip;<\/p>\n","protected":false},"author":2,"featured_media":74876,"comment_status":"closed","ping_status":"open","sticky":false,"template":"","format":"standard","meta":{"_lmt_disableupdate":"","_lmt_disable":"","_jetpack_memberships_contains_paid_content":false,"footnotes":""},"categories":[109,47],"tags":[1060],"class_list":["post-77994","post","type-post","status-publish","format-standard","has-post-thumbnail","hentry","category-minuto-a-minuto","category-zona-gris","tag-donald-trump"],"jetpack_featured_media_url":"https:\/\/zonaroja.com.mx\/wp-content\/uploads\/2024\/11\/Donald-Trump.jpeg","jetpack_sharing_enabled":true,"_links":{"self":[{"href":"https:\/\/zonaroja.com.mx\/index.php?rest_route=\/wp\/v2\/posts\/77994","targetHints":{"allow":["GET"]}}],"collection":[{"href":"https:\/\/zonaroja.com.mx\/index.php?rest_route=\/wp\/v2\/posts"}],"about":[{"href":"https:\/\/zonaroja.com.mx\/index.php?rest_route=\/wp\/v2\/types\/post"}],"author":[{"embeddable":true,"href":"https:\/\/zonaroja.com.mx\/index.php?rest_route=\/wp\/v2\/users\/2"}],"replies":[{"embeddable":true,"href":"https:\/\/zonaroja.com.mx\/index.php?rest_route=%2Fwp%2Fv2%2Fcomments&post=77994"}],"version-history":[{"count":1,"href":"https:\/\/zonaroja.com.mx\/index.php?rest_route=\/wp\/v2\/posts\/77994\/revisions"}],"predecessor-version":[{"id":77995,"href":"https:\/\/zonaroja.com.mx\/index.php?rest_route=\/wp\/v2\/posts\/77994\/revisions\/77995"}],"wp:featuredmedia":[{"embeddable":true,"href":"https:\/\/zonaroja.com.mx\/index.php?rest_route=\/wp\/v2\/media\/74876"}],"wp:attachment":[{"href":"https:\/\/zonaroja.com.mx\/index.php?rest_route=%2Fwp%2Fv2%2Fmedia&parent=77994"}],"wp:term":[{"taxonomy":"category","embeddable":true,"href":"https:\/\/zonaroja.com.mx\/index.php?rest_route=%2Fwp%2Fv2%2Fcategories&post=77994"},{"taxonomy":"post_tag","embeddable":true,"href":"https:\/\/zonaroja.com.mx\/index.php?rest_route=%2Fwp%2Fv2%2Ftags&post=77994"}],"curies":[{"name":"wp","href":"https:\/\/api.w.org\/{rel}","templated":true}]}}