{"id":77998,"date":"2025-03-01T11:21:00","date_gmt":"2025-03-01T17:21:00","guid":{"rendered":"https:\/\/zonaroja.com.mx\/?p=77998"},"modified":"2025-03-01T07:23:56","modified_gmt":"2025-03-01T13:23:56","slug":"capturan-en-cdmx-a-el-kamala-involucrado-en-la-desaparicion-de-los-43","status":"publish","type":"post","link":"https:\/\/zonaroja.com.mx\/?p=77998","title":{"rendered":"Capturan en Cdmx a &#8216;El Kamala&#8217;, involucrado en la desaparici\u00f3n de los 43"},"content":{"rendered":"\n<p>Redacci\u00f3n\/Zona Roja Cdmx.<\/p>\n\n\n\n<p>Ciudad de M\u00e9xico, a 1 de marzo de 2025.- En la Alcald\u00eda Iztapalapa, en la Ciudad de M\u00e9xico, autoridades federales detuvieron a Mart\u00edn Alejandro Macedo Barrera Barrera, \u201cEl Kamala\u201d, involucrado en la desaparici\u00f3n de los 43 normalistas de Ayotzinapa.<\/p>\n\n\n\n<p>En un operativo conjunto \u201cEl Kamala\u201d fue detenido por su presunta responsabilidad en los delitos de delincuencia organizada y desaparici\u00f3n forzada.<\/p>\n\n\n\n<p>Seg\u00fan las investigaciones que realiza la Fiscal\u00eda General de la Rep\u00fablica (FGR), recibi\u00f3 instrucciones de uno de los l\u00edderes de sicarios del c\u00e1rtel de Guerreros Unidos, identificado como \u201cChoky\u201d para dispararles a los normalistas, adem\u00e1s, y se han obtenido testimonios que detallan su participaci\u00f3n en el atentado contra los normalistas los d\u00edas 26 y 27 de septiembre de 2014.<\/p>\n\n\n\n<p>Seg\u00fan la informaci\u00f3n difundida por el Gabinete de Seguridad, tambi\u00e9n, por instrucciones de \u201cChoky\u201d, \u201cle dispar\u00f3 a los normalistas en el Centro de Iguala, donde aseguraron a 17 estudiantes, los cuales subieron a sus camionetas y los llevaron a una casa de seguridad donde los mataron inmediatamente. Posteriormente utilizaron una excavadora para enterrarlos en el rancho y a otros siete estudiantes los quemaron\u201d.<\/p>\n\n\n\n<p>En la aprehensi\u00f3n participaron elementos de las secretar\u00edas de Seguridad y Protecci\u00f3n Ciudadana, de la Defensa Nacional, de Marina-Armada de M\u00e9xico y de la FGR.<\/p>\n\n\n\n<p>El \u201cKamala\u201d fue detenido en la colonia cerro de la Estrella, en la avenida Tl\u00e1huac, y fue puesto a disposici\u00f3n del Ministerio P\u00fablico.<\/p>\n\n\n\n<p>(Informaci\u00f3n de \u201cLa Jornada\u201d)<\/p>\n","protected":false},"excerpt":{"rendered":"<p>Redacci\u00f3n\/Zona Roja Cdmx. Ciudad de M\u00e9xico, a 1 de marzo de 2025.- En la Alcald\u00eda&hellip;<\/p>\n","protected":false},"author":2,"featured_media":77999,"comment_status":"closed","ping_status":"open","sticky":false,"template":"","format":"standard","meta":{"_lmt_disableupdate":"","_lmt_disable":"","_jetpack_memberships_contains_paid_content":false,"footnotes":""},"categories":[109,46],"tags":[4233],"class_list":["post-77998","post","type-post","status-publish","format-standard","has-post-thumbnail","hentry","category-minuto-a-minuto","category-zona-blanca","tag-alejandro-macedo-barrera-kamala"],"jetpack_featured_media_url":"https:\/\/zonaroja.com.mx\/wp-content\/uploads\/2025\/03\/Detenido-Kamala-Cdmx-Ayotzinapa-43.webp","jetpack_sharing_enabled":true,"_links":{"self":[{"href":"https:\/\/zonaroja.com.mx\/index.php?rest_route=\/wp\/v2\/posts\/77998","targetHints":{"allow":["GET"]}}],"collection":[{"href":"https:\/\/zonaroja.com.mx\/index.php?rest_route=\/wp\/v2\/posts"}],"about":[{"href":"https:\/\/zonaroja.com.mx\/index.php?rest_route=\/wp\/v2\/types\/post"}],"author":[{"embeddable":true,"href":"https:\/\/zonaroja.com.mx\/index.php?rest_route=\/wp\/v2\/users\/2"}],"replies":[{"embeddable":true,"href":"https:\/\/zonaroja.com.mx\/index.php?rest_route=%2Fwp%2Fv2%2Fcomments&post=77998"}],"version-history":[{"count":1,"href":"https:\/\/zonaroja.com.mx\/index.php?rest_route=\/wp\/v2\/posts\/77998\/revisions"}],"predecessor-version":[{"id":78000,"href":"https:\/\/zonaroja.com.mx\/index.php?rest_route=\/wp\/v2\/posts\/77998\/revisions\/78000"}],"wp:featuredmedia":[{"embeddable":true,"href":"https:\/\/zonaroja.com.mx\/index.php?rest_route=\/wp\/v2\/media\/77999"}],"wp:attachment":[{"href":"https:\/\/zonaroja.com.mx\/index.php?rest_route=%2Fwp%2Fv2%2Fmedia&parent=77998"}],"wp:term":[{"taxonomy":"category","embeddable":true,"href":"https:\/\/zonaroja.com.mx\/index.php?rest_route=%2Fwp%2Fv2%2Fcategories&post=77998"},{"taxonomy":"post_tag","embeddable":true,"href":"https:\/\/zonaroja.com.mx\/index.php?rest_route=%2Fwp%2Fv2%2Ftags&post=77998"}],"curies":[{"name":"wp","href":"https:\/\/api.w.org\/{rel}","templated":true}]}}